{"id":358437,"date":"2025-09-01T14:11:12","date_gmt":"2025-09-01T14:11:12","guid":{"rendered":"https:\/\/www.europesays.com\/fr\/358437\/"},"modified":"2025-09-01T14:11:12","modified_gmt":"2025-09-01T14:11:12","slug":"usa-today-lemploi-us-et-broadcom-au-coeur-des-enjeux-de-wall-street-cette-semaine-par-john-plassard","status":"publish","type":"post","link":"https:\/\/www.europesays.com\/fr\/358437\/","title":{"rendered":"USA Today : \u00ab\u00a0L&#8217;emploi US et Broadcom au c\u0153ur des enjeux de Wall Street cette semaine\u00a0\u00bb, par John Plassard"},"content":{"rendered":"<p><img loading=\"lazy\" decoding=\"async\" src=\"https:\/\/www.europesays.com\/fr\/wp-content\/uploads\/2025\/09\/USA-Today-L-emploi-US-et-Broadcom-au-coeur-des-enjeux-de-Wall-Street-cette-semaine-par-John-Plassard.webp\" width=\"1200\" height=\"675\" alt=\"placeholder video\"\/><\/p>\n<p>Ce lundi 1er septembre, dans sa chronique USA Today, John Plassard, associ\u00e9, responsable de la strat\u00e9gie d&rsquo;investissement de Cit\u00e9 Gestion, s&rsquo;est pench\u00e9 sur le mois de septembre maudit en bourse, la publication des r\u00e9sultats de Broadcom jeudi, le rapport sur l&#8217;emploi am\u00e9ricain tr\u00e8s attendu, et le nouveau rebondissement sur les droits de douane de Donald Trump. Cette chronique est \u00e0 voir ou \u00e9couter du lundi au vendredi dans l&rsquo;\u00e9mission BFM Bourse pr\u00e9sent\u00e9e par Guillaume Sommerer sur BFM Business.<\/p>\n<p>Aujourd&rsquo;hui \u00e0 15h51 | Dur\u00e9e : 10:16<\/p>\n","protected":false},"excerpt":{"rendered":"Ce lundi 1er septembre, dans sa chronique USA Today, John Plassard, associ\u00e9, responsable de la strat\u00e9gie d&rsquo;investissement de&hellip;\n","protected":false},"author":2,"featured_media":358438,"comment_status":"","ping_status":"","sticky":false,"template":"","format":"standard","meta":{"footnotes":""},"categories":[1589],"tags":[11,73,1866,12,1864,1865,1863,308],"class_list":{"0":"post-358437","1":"post","2":"type-post","3":"status-publish","4":"format-standard","5":"has-post-thumbnail","7":"category-etats-unis","8":"tag-actualites","9":"tag-etats-unis","10":"tag-etats-unis-damerique","11":"tag-news","12":"tag-united-states","13":"tag-united-states-of-america","14":"tag-us","15":"tag-usa"},"share_on_mastodon":{"url":"https:\/\/pubeurope.com\/@fr\/115129449603016649","error":""},"_links":{"self":[{"href":"https:\/\/www.europesays.com\/fr\/wp-json\/wp\/v2\/posts\/358437","targetHints":{"allow":["GET"]}}],"collection":[{"href":"https:\/\/www.europesays.com\/fr\/wp-json\/wp\/v2\/posts"}],"about":[{"href":"https:\/\/www.europesays.com\/fr\/wp-json\/wp\/v2\/types\/post"}],"author":[{"embeddable":true,"href":"https:\/\/www.europesays.com\/fr\/wp-json\/wp\/v2\/users\/2"}],"replies":[{"embeddable":true,"href":"https:\/\/www.europesays.com\/fr\/wp-json\/wp\/v2\/comments?post=358437"}],"version-history":[{"count":0,"href":"https:\/\/www.europesays.com\/fr\/wp-json\/wp\/v2\/posts\/358437\/revisions"}],"wp:featuredmedia":[{"embeddable":true,"href":"https:\/\/www.europesays.com\/fr\/wp-json\/wp\/v2\/media\/358438"}],"wp:attachment":[{"href":"https:\/\/www.europesays.com\/fr\/wp-json\/wp\/v2\/media?parent=358437"}],"wp:term":[{"taxonomy":"category","embeddable":true,"href":"https:\/\/www.europesays.com\/fr\/wp-json\/wp\/v2\/categories?post=358437"},{"taxonomy":"post_tag","embeddable":true,"href":"https:\/\/www.europesays.com\/fr\/wp-json\/wp\/v2\/tags?post=358437"}],"curies":[{"name":"wp","href":"https:\/\/api.w.org\/{rel}","templated":true}]}}