{"id":358439,"date":"2025-09-01T14:12:11","date_gmt":"2025-09-01T14:12:11","guid":{"rendered":"https:\/\/www.europesays.com\/fr\/358439\/"},"modified":"2025-09-01T14:12:11","modified_gmt":"2025-09-01T14:12:11","slug":"les-eleves-britanniques-les-plus-pauvres-seraient-exclus-de-certaines-specialites","status":"publish","type":"post","link":"https:\/\/www.europesays.com\/fr\/358439\/","title":{"rendered":"Les \u00e9l\u00e8ves britanniques les plus pauvres seraient \u201cexclus\u201d de certaines sp\u00e9cialit\u00e9s"},"content":{"rendered":"<p>Selon une \u00e9tude du<a href=\"https:\/\/cpag.org.uk\/child-poverty\" target=\"_blank\" rel=\"nofollow noopener\"> Child Poverty Action Group (CPAG)<\/a>, pr\u00e8s de 23 % des familles \u00e9ligibles aux repas gratuits disent craindre des frais suppl\u00e9mentaires si leurs enfants choisissent certaines sp\u00e9cialisations. Ce chiffre tombe \u00e0 9 % pour les familles non \u00e9ligibles.<\/p>\n<p class=\"p-empty\">\u00a0<\/p>\n<p class=\"p-empty\">\u00a0<\/p>\n<p>Des cursus plus co\u00fbteux et donc plus discriminants que d\u2019autres<\/p>\n<p class=\"p-empty\">\u00a0<\/p>\n<p>Les cursus de g\u00e9ographie, de langues \u00e9trang\u00e8res, de musique ou encore le parcours \u201cAlimentation et nutrition\u201d sont particuli\u00e8rement concern\u00e9s, car ils impliquent des co\u00fbts additionnels qui excluent de fait les foyers les plus modestes.<\/p>\n<p>Sur 1 701 sond\u00e9s, 30 % des \u00e9l\u00e8ves b\u00e9n\u00e9ficiant de repas gratuits affirment que leurs familles peinent d\u00e9j\u00e0 \u00e0 financer le minimum, notamment l\u2019acc\u00e8s aux ressources num\u00e9riques. Par ailleurs, 34 % rencontrent des difficult\u00e9s pour payer les voyages scolaires et 27 % pour financer un instrument ou des cours de musique.<\/p>\n<p class=\"p-empty\">\u00a0<\/p>\n","protected":false},"excerpt":{"rendered":"Selon une \u00e9tude du Child Poverty Action Group (CPAG), pr\u00e8s de 23 % des familles \u00e9ligibles aux repas&hellip;\n","protected":false},"author":2,"featured_media":358440,"comment_status":"","ping_status":"","sticky":false,"template":"","format":"standard","meta":{"footnotes":""},"categories":[1588],"tags":[11,1777,674,12,473,1853,1851,1850,1852],"class_list":{"0":"post-358439","1":"post","2":"type-post","3":"status-publish","4":"format-standard","5":"has-post-thumbnail","7":"category-royaume-uni","8":"tag-actualites","9":"tag-eu","10":"tag-europe","11":"tag-news","12":"tag-royaume-uni","13":"tag-royaume-uni-de-grande-bretagne-et-dirlande-du-nord","14":"tag-uk","15":"tag-united-kingdom","16":"tag-united-kingdom-of-great-britain-and-northern-ireland"},"share_on_mastodon":{"url":"https:\/\/pubeurope.com\/@fr\/115129453418821037","error":""},"_links":{"self":[{"href":"https:\/\/www.europesays.com\/fr\/wp-json\/wp\/v2\/posts\/358439","targetHints":{"allow":["GET"]}}],"collection":[{"href":"https:\/\/www.europesays.com\/fr\/wp-json\/wp\/v2\/posts"}],"about":[{"href":"https:\/\/www.europesays.com\/fr\/wp-json\/wp\/v2\/types\/post"}],"author":[{"embeddable":true,"href":"https:\/\/www.europesays.com\/fr\/wp-json\/wp\/v2\/users\/2"}],"replies":[{"embeddable":true,"href":"https:\/\/www.europesays.com\/fr\/wp-json\/wp\/v2\/comments?post=358439"}],"version-history":[{"count":0,"href":"https:\/\/www.europesays.com\/fr\/wp-json\/wp\/v2\/posts\/358439\/revisions"}],"wp:featuredmedia":[{"embeddable":true,"href":"https:\/\/www.europesays.com\/fr\/wp-json\/wp\/v2\/media\/358440"}],"wp:attachment":[{"href":"https:\/\/www.europesays.com\/fr\/wp-json\/wp\/v2\/media?parent=358439"}],"wp:term":[{"taxonomy":"category","embeddable":true,"href":"https:\/\/www.europesays.com\/fr\/wp-json\/wp\/v2\/categories?post=358439"},{"taxonomy":"post_tag","embeddable":true,"href":"https:\/\/www.europesays.com\/fr\/wp-json\/wp\/v2\/tags?post=358439"}],"curies":[{"name":"wp","href":"https:\/\/api.w.org\/{rel}","templated":true}]}}