{"id":358444,"date":"2025-09-01T14:15:16","date_gmt":"2025-09-01T14:15:16","guid":{"rendered":"https:\/\/www.europesays.com\/fr\/358444\/"},"modified":"2025-09-01T14:15:16","modified_gmt":"2025-09-01T14:15:16","slug":"jai-toujours-eu-envie-danimer-un-talk-show-linterview-de-claire-arnoux-par-le-papotin","status":"publish","type":"post","link":"https:\/\/www.europesays.com\/fr\/358444\/","title":{"rendered":"\u00ab\u00a0J&rsquo;ai toujours eu envie d&rsquo;animer un talk-show\u00a0\u00bb, l&rsquo;interview de Claire Arnoux par Le Papotin"},"content":{"rendered":"<p>C\u2019est l\u2019\u00e9v\u00e9nement de cette rentr\u00e9e. \u00c0 partir de ce lundi 1er septembre, <a href=\"https:\/\/www.diverto.tv\/actualites\/tele\/novo19-a-quelle-heure-la-nouvelle-chaine-est-elle-lancee-ce-lundi-1er-septembre\" rel=\"nofollow noopener\" target=\"_blank\">NOVO19<\/a> fait son apparition dans le paysage audiovisuel. G\u00e9n\u00e9raliste, cette cha\u00eene lanc\u00e9e par le groupe Ouest-France compte comme \u00e9mission phare On a du nouveau !, un talk-show pr\u00e9sent\u00e9 par Claire Arnoux du lundi au vendredi, \u00e0 18h25. La journaliste a quitt\u00e9 beIN Sports, o\u00f9 elle officiait depuis dix ans, pour se lancer dans cette aventure. Son talk-show sera bien \u00e9videmment en phase avec l\u2019ADN et les valeurs de la cha\u00eene, traitant l\u2019actualit\u00e9 via le prisme des territoires. \u00ab\u00a0Nous aborderons les pr\u00e9occupations de tous les Fran\u00e7ais. Le programme sera plac\u00e9 sous le signe de la bienveillance, de l\u2019humeur et du sourire\u00a0\u00bb, nous confie Claire Arnoux. Elle sera entour\u00e9e de chroniqueurs qui s\u2019attaqueront \u00e0 des th\u00e8mes aussi vari\u00e9s que la gastronomie et le terroir, la culture et les tendances populaires, ou encore les tracas administratifs. Parmi ces chroniqueurs figure le journaliste Claude Askolovitch, qui livrera son analyse de l\u2019actualit\u00e9. On a du nouveau ! accueillera par ailleurs des invit\u00e9s. \u00ab\u00a0L\u2019objectif est de proposer une belle \u00e9mission, qui plaise au plus grand nombre\u00a0\u00bb, souligne Claire Arnoux. \u00c0 la veille de d\u00e9buter ce nouveau chapitre de sa carri\u00e8re, qu\u2019elle qualifie de \u00ab\u00a0passionnant\u00a0\u00bb et o\u00f9 il y a tout \u00e0 construire, la jeune quadrag\u00e9naire a \u00e9chang\u00e9 avec Marvin, Stanislas, Berivan et \u00c9tienne, journalistes du Papotin &#8211; la r\u00e9daction du Papotin pilotant, cette semaine, le magazine Diverto.<\/p>\n<p><strong>Marvin : Est-ce que tu gardes un bon souvenir de sport de ton enfance ? <\/strong><\/p>\n<p>J\u2019en ai beaucoup, principalement des moments partag\u00e9s en famille : \u00e9couter les matchs de foot de la Coupe du monde 1998 sur la route des vacances dans la 405 de ma m\u00e8re ou les week-ends chez mon p\u00e8re avec les grands prix de Formule 1, c\u2019\u00e9tait l\u2019\u00e9poque\u00a0de Schumacher chez Ferrari. En souvenirs personnels, j\u2019ai ceux li\u00e9s \u00e0 la danse. J\u2019ai pratiqu\u00e9 de mes 5 \u00e0 mes 20 ans : classique, modern jazz et m\u00eame du rock au lyc\u00e9e. Je me souviens du trac et du bonheur des spectacles de fin d\u2019ann\u00e9e. J\u2019ai pass\u00e9 l\u2019option danse au bac et, \u00e0 cause du stress de l\u2019\u00e9preuve, j\u2019ai oubli\u00e9 la chor\u00e9graphie que j\u2019avais pr\u00e9par\u00e9e et j\u2019ai fini en improvisation totale\u2026 et j\u2019ai eu une super note !<\/p>\n<p><strong>Stanislas : Vous \u00eates une journaliste sp\u00e9cialis\u00e9e dans le sport. Est-ce que, \u00e0 un moment, vous avez eu l\u2019envie de faire autre chose ? <\/strong><\/p>\n<p>Oui, j\u2019ai eu envie de faire autre chose parce que je suis avant tout journaliste. J\u2019ai toujours multipli\u00e9 les exp\u00e9riences dans le sport mais aussi en dehors (pr\u00e9sentation des journaux d\u2019actualit\u00e9, de magazines, de chroniques\u2026) Apr\u00e8s dix ans sur beIN Sports, c\u2019\u00e9tait le bon moment pour changer. J\u2019ai toujours eu envie d\u2019animer un talk-show et l\u2019opportunit\u00e9 s\u2019est pr\u00e9sent\u00e9e avec On a du nouveau ! et <a href=\"https:\/\/www.diverto.tv\/actualites\/tele\/novo19-a-quelle-heure-la-nouvelle-chaine-est-elle-lancee-ce-lundi-1er-septembre\" rel=\"nofollow noopener\" target=\"_blank\">NOVO19<\/a>. Le parfait timing !<\/p>\n<p><strong>Stanislas : Est-ce que, pour vous, c\u2019est tr\u00e8s important d\u2019avoir une place dans le sport en tant que femme et de pouvoir faire des interviews dans le domaine sportif ?<\/strong><\/p>\n<p>Oui, c\u2019est important que les femmes soient consid\u00e9r\u00e9es dans le domaine sportif comme partout ailleurs. Le sport v\u00e9hicule des valeurs d\u2019\u00e9galit\u00e9 et de respect. C\u2019est un moment de coh\u00e9sion, pour vivre des \u00e9motions ensemble, peu importe le genre, l\u2019\u00e2ge, l\u2019origine. J\u2019ai pu interviewer de grandes championnes et de grands champions, et souvent, avec ma chroniqueuse, nous sentions que l\u2019invit\u00e9 se confiait avec facilit\u00e9. Peut-\u00eatre aussi parce que nous \u00e9tions des femmes.<\/p>\n<p><strong>Berivan : Est-ce que tu commentes le ping-pong ? Est-ce que tu commentes le baby-foot ?<\/strong><\/p>\n<p>Non, je ne commente ni le ping-pong ni le baby-foot\u2026 ni m\u00eame aucun autre sport ! Le commentaire sportif est une discipline \u00e0 part du journalisme sportif que je n\u2019ai jamais pratiqu\u00e9e. Mes sp\u00e9cialit\u00e9s sont l\u2019animation d\u2019\u00e9missions et l\u2019interview. En revanche, j\u2019essaie de pratiquer le ping-pong avec ma fille en vacances, je dois reconna\u00eetre que je n\u2019ai aucun talent pour les sports de raquette !<\/p>\n<p><strong>Berivan : Qui fait le repas chez toi ?<\/strong><\/p>\n<p>Je fais les repas chez moi\u2026 par obligation car je n\u2019aime pas cuisiner ! Je fais de tr\u00e8s bonnes lasagnes !<\/p>\n<p><strong>Berivan : Est-ce que tu es plut\u00f4t Nike ou Adidas ?<\/strong><\/p>\n<p>Je n\u2019ai pas de pr\u00e9f\u00e9rence dans les marques de sport. J\u2019adore porter des tenues sportswear \u2013 pantalon\/sweat\/jogging \u2013 en dehors de mes tournages.<\/p>\n<p><strong>\u00c9tienne : Pour combien de cha\u00eenes de t\u00e9l\u00e9 as-tu travaill\u00e9 ?<\/strong><\/p>\n<p>Avant de rejoindre <a href=\"https:\/\/www.diverto.tv\/actualites\/tele\/novo19-a-quelle-heure-la-nouvelle-chaine-est-elle-lancee-ce-lundi-1er-septembre\" rel=\"nofollow noopener\" target=\"_blank\">NOVO19<\/a>, j\u2019ai travaill\u00e9 pour six cha\u00eenes de t\u00e9l\u00e9 (i-T\u00e9l\u00e9, Eurosport, Direct 8, L\u2019\u00c9quipe, BFM TV, beIN Sports).<\/p>\n<p><strong>\u00c9tienne : Est-ce que tu es une nomade de la t\u00e9l\u00e9 ? <\/strong><\/p>\n<p>Je l\u2019ai \u00e9t\u00e9 jusqu\u2019en 2015 car, dans le m\u00e9tier de journaliste, il y a peu d\u2019opportunit\u00e9s de CDI. J\u2019ai \u00e9t\u00e9 longtemps pigiste ou en CDD, ce qui m\u2019a permis d\u2019apprendre beaucoup sur des \u00e9missions et des projets tr\u00e8s diff\u00e9rents. En 2015, j\u2019ai rejoint beIN Sports et j\u2019y ai pass\u00e9 dix ans dans des programmes passionnants.<\/p>\n<p><strong>\u00c9tienne : Est-ce que tu aimes les sports o\u00f9 \u00e7a plane ?<\/strong><\/p>\n<p>J\u2019ai tr\u00e8s peur des sports \u00e0 sensations fortes. Je n\u2019ai jamais fait de chute libre ou de saut \u00e0 l\u2019\u00e9lastique (au secours ! ! !). J\u2019ai fait du parapente une fois, j\u2019avais peur mais finalement j\u2019ai ador\u00e9. Et je n\u2019ai pas eu la sensation de chute, on plane et c\u2019est vraiment ce que j\u2019ai aim\u00e9. Pour un reportage, j\u2019ai essay\u00e9 la chute libre en soufflerie et c\u2019\u00e9tait g\u00e9nial. Car, juste en dessous, il y a un filet et pas le vide ! Sinon j\u2019ai peur de tout le reste.<\/p>\n<p><strong>\u00c9tienne : Est-ce que tu aimes la musique planante ?<\/strong><\/p>\n<p>J\u2019aime un peu tout en musique mais j\u2019\u00e9coute plut\u00f4t de la musique sur laquelle je peux chanter ou danser.<\/p>\n","protected":false},"excerpt":{"rendered":"C\u2019est l\u2019\u00e9v\u00e9nement de cette rentr\u00e9e. \u00c0 partir de ce lundi 1er septembre, NOVO19 fait son apparition dans le&hellip;\n","protected":false},"author":2,"featured_media":358445,"comment_status":"","ping_status":"","sticky":false,"template":"","format":"standard","meta":{"footnotes":""},"categories":[1586],"tags":[11,1777,674,1779,1011,27,12,25,1778,364],"class_list":{"0":"post-358444","1":"post","2":"type-post","3":"status-publish","4":"format-standard","5":"has-post-thumbnail","7":"category-europe","8":"tag-actualites","9":"tag-eu","10":"tag-europe","11":"tag-european-union","12":"tag-fr","13":"tag-france","14":"tag-news","15":"tag-republique-francaise","16":"tag-ue","17":"tag-union-europeenne"},"share_on_mastodon":{"url":"https:\/\/pubeurope.com\/@fr\/115129465217431006","error":""},"_links":{"self":[{"href":"https:\/\/www.europesays.com\/fr\/wp-json\/wp\/v2\/posts\/358444","targetHints":{"allow":["GET"]}}],"collection":[{"href":"https:\/\/www.europesays.com\/fr\/wp-json\/wp\/v2\/posts"}],"about":[{"href":"https:\/\/www.europesays.com\/fr\/wp-json\/wp\/v2\/types\/post"}],"author":[{"embeddable":true,"href":"https:\/\/www.europesays.com\/fr\/wp-json\/wp\/v2\/users\/2"}],"replies":[{"embeddable":true,"href":"https:\/\/www.europesays.com\/fr\/wp-json\/wp\/v2\/comments?post=358444"}],"version-history":[{"count":0,"href":"https:\/\/www.europesays.com\/fr\/wp-json\/wp\/v2\/posts\/358444\/revisions"}],"wp:featuredmedia":[{"embeddable":true,"href":"https:\/\/www.europesays.com\/fr\/wp-json\/wp\/v2\/media\/358445"}],"wp:attachment":[{"href":"https:\/\/www.europesays.com\/fr\/wp-json\/wp\/v2\/media?parent=358444"}],"wp:term":[{"taxonomy":"category","embeddable":true,"href":"https:\/\/www.europesays.com\/fr\/wp-json\/wp\/v2\/categories?post=358444"},{"taxonomy":"post_tag","embeddable":true,"href":"https:\/\/www.europesays.com\/fr\/wp-json\/wp\/v2\/tags?post=358444"}],"curies":[{"name":"wp","href":"https:\/\/api.w.org\/{rel}","templated":true}]}}