{"id":358454,"date":"2025-09-01T14:21:09","date_gmt":"2025-09-01T14:21:09","guid":{"rendered":"https:\/\/www.europesays.com\/fr\/358454\/"},"modified":"2025-09-01T14:21:09","modified_gmt":"2025-09-01T14:21:09","slug":"top-14-baptiste-jauneau-laffirme-mon-histoire-a-clermont-netait-pas-terminee","status":"publish","type":"post","link":"https:\/\/www.europesays.com\/fr\/358454\/","title":{"rendered":"Top 14 &#8211; Baptiste Jauneau l\u2019affirme\u00a0: \u00ab\u00a0Mon histoire \u00e0 Clermont n\u2019\u00e9tait pas termin\u00e9e\u00a0\u00bb"},"content":{"rendered":"<p>\n                Capitaine de Clermont et prolong\u00e9 jusqu\u2019en 2028, le jeune demi de m\u00eal\u00e9e revient sur une pr\u00e9-saison studieuse, son lien franc avec Christophe Urios, l\u2019h\u00e9ritage pesant de l\u2019ASMCA et son \u00e9t\u00e9 contrast\u00e9, entre barrages perdus \u00e0 Bayonne et tourn\u00e9e am\u00e8re en Nouvelle-Z\u00e9lande.\n            <\/p>\n<p><strong>Comment avez-vous v\u00e9cu la pr\u00e9-saison avec l\u2019ASMCA\u00a0?<\/strong><\/p>\n<p>Je l\u2019ai d\u00e9marr\u00e9e il y a deux semaines, apr\u00e8s avoir pris quelques jours cong\u00e9s. Nous sommes alors partis en stage, au Chambon-sur-Lignon (Haute-Loire). \u00c7a nous a permis de cr\u00e9er des liens avec les nouveaux, de ressouder le groupe apr\u00e8s les vacances. C\u2019est une \u00e9tape importante dans le but d\u2019arriver pr\u00eats pour le coup d\u2019envoi de la saison, dimanche soir contre Toulouse.<\/p>\n<p><strong>Christophe Urios, votre manager, a l\u2019habitude de r\u00e9aliser des \u00ab\u00a0olympiades\u00a0\u00bb lors de chaque pr\u00e9-saison. En quoi cela consiste-t-il, pr\u00e9cis\u00e9ment\u00a0?<\/strong><\/p>\n<p>\u00c0 Bordeaux, il organisait les \u00ab\u00a0Bacchus\u00a0\u00bb, les \u00ab\u00a0Olympiades\u00a0\u00bb \u00e0 Castres et chez nous, ce sont les \u00ab\u00a0Vulcains\u00a0\u00bb. C\u2019est sa fa\u00e7on \u00e0 lui de cr\u00e9er du lien, de faire ressortir des leaders et de s\u2019ouvrir au territoire, surtout\u00a0: cette ann\u00e9e, les joueurs ont par exemple d\u00e9couvert l\u2019art de la forge et visit\u00e9 des coutelleries, soit des choses assez typiques de l\u2019Auvergne.<\/p>\n<p><strong>Urios a fait de vous son capitaine, \u00e0 Clermont. Comment cela se passe-t-il, entre vous\u00a0?<\/strong><\/p>\n<p>J\u2019aime comme il est et tous les deux, on se dit les choses. Parfois, il ne met pas les formes mais au moins, c\u2019est clair. Je pr\u00e9f\u00e9rerais toujours quelqu\u2019un de vrai, comme lui, \u00e0 un coach passant par quatre chemins pour me faire comprendre que je n\u2019ai pas \u00e9t\u00e9 bon. Des fois, \u00e7a peut p\u00e9ter mais entre nous, c\u2019est sain.<\/p>\n<blockquote><p>\nJe n\u2019ai eu vraiment de dialogue concret qu\u2019avec Clermont et Toulon\n<\/p><\/blockquote>\n<p><strong>Vous avez r\u00e9cemment d\u00e9cid\u00e9 de prolonger votre aventure \u00e0 Clermont jusqu\u2019en 2028 alors que vous \u00e9tiez tr\u00e8s courtis\u00e9 en Top 14. Pour quelle raison, au juste\u00a0?<\/strong><\/p>\n<p>Il y a cinq ans que je suis arriv\u00e9 \u00e0 Clermont et je vois une \u00e9volution claire dans ce projet. Partir en plein milieu de cette aventure, je ne l\u2019imaginais pas. Il y a aussi beaucoup de jeunes \u00e0 l\u2019ASMCA, comme Killian Tixeront, L\u00e9on Darricarr\u00e8re ou Barnab\u00e9 Massa, sur lesquels le club s\u2019appuiera ces prochains mois pour construire. Mon histoire \u00e0 Clermont n\u2019\u00e9tait pas termin\u00e9e, en somme.<\/p>\n<p><strong>Vous aviez quelques clubs sur le dos, pourtant\u2026<\/strong><\/p>\n<p>Quelques-uns, oui. Mais je n\u2019ai eu vraiment de dialogue concret qu\u2019avec Clermont et Toulon.<\/p>\n<p><strong>Il y a eu, l\u2019an pass\u00e9, un l\u00e9ger r\u00e9veil de l\u2019ASMCA. Mais il manque encore quelque chose pour hisser Clermont au niveau o\u00f9 il \u00e9tait voici dix ans\u2026<\/strong><\/p>\n<p>Oui, c\u2019est certain. On est assez irr\u00e9guliers par rapport \u00e0 l\u2019\u00e9poque dont vous parlez. Il faut qu\u2019on s\u2019am\u00e9liore l\u00e0-dessus\u00a0: chaque point compte, chaque point de bonus compte. Nous devons nous mettre \u00e7a dans la t\u00eate.<\/p>\n<p><strong>Est-il pesant de r\u00e9pondre toujours \u00e0 cette question concernant le pass\u00e9 du grand Clermont et au comparatif qu\u2019il implique\u00a0?<\/strong><\/p>\n<p>Non, je peux comprendre. L\u2019ASMCA est un grand club et nous sommes les d\u00e9positaires d\u2019un immense h\u00e9ritage. Maintenant, c\u2019est \u00e0 nous d\u2019\u00e9crire notre propre histoire.<\/p>\n<blockquote><p>\nJe n\u2019en veux pas du tout au s\u00e9lectionneur\n<\/p><\/blockquote>\n<p><strong>Avez-vous dig\u00e9r\u00e9 le match de barrages perdu la saison derni\u00e8re \u00e0 Bayonne, sous des trombes d\u2019eau\u00a0?<\/strong><\/p>\n<p>Nous avions r\u00e9alis\u00e9 deux belles performances les week-ends pr\u00e9c\u00e9dents, pour accrocher la qualification. Mais \u00e0 Bayonne (20-3), on s\u2019est une nouvelle fois montr\u00e9 inconstant et ce match, je l\u2019ai toujours en travers. C\u2019\u00e9tait ma premi\u00e8re phase finale en Top 14, le club attendait \u00e7a depuis quelques ann\u00e9es et la d\u00e9faite nous a fait mal, oui. Il faut n\u00e9anmoins avancer, d\u00e9sormais\u2026<\/p>\n<p><strong>Vous aurez un nouveau coll\u00e8gue \u00e0 la charni\u00e8re, le N\u00e9o-Z\u00e9landais Harry Plummer. Que pouvez-vous nous dire \u00e0 son sujet\u00a0?<\/strong><\/p>\n<p>Comme le disait r\u00e9cemment Vern Cotter (le coach des Blues, N.D.L.R.), Harry est un joueur solide, talentueux qui poss\u00e8de un long jeu au pied mais peut aussi attaquer la ligne. Il est tr\u00e8s complet et c\u2019est un super mec. J\u2019ai h\u00e2te de jouer avec lui.<\/p>\n<p><strong>Vous avez pass\u00e9 un peu moins d\u2019un mois en Nouvelle-Z\u00e9lande, pour la tourn\u00e9e des Bleus. Comment l\u2019avez-vous v\u00e9cu\u00a0?<\/strong><\/p>\n<p>J\u2019avais fait un bon match contre l\u2019Angleterre A, juste avant de partir en Nouvelle-Z\u00e9lande. Puis \u00e0 mon entr\u00e9e en jeu face aux All Blacks, \u00e0 Dunedin, j\u2019ai chi\u00e9 complet\u2026 (sic) Je n\u2019ai pas fait une bonne entr\u00e9e et \u00e7a m\u2019apprend l\u2019exigence de ce niveau-l\u00e0. Ce fut pour moi un arr\u00eat buffet mais \u00e7a m\u2019a permis de r\u00e9fl\u00e9chir et de comprendre ce qui me restait \u00e0 travailler, si je souhaite un jour rego\u00fbter \u00e0 l\u2019\u00e9quipe de France. En clair, je n\u2019en veux pas du tout au s\u00e9lectionneur (Fabien Galthi\u00e9, N.D.L.R.)\u00a0: ce soir-l\u00e0, c\u2019est moi qui ai mal jou\u00e9 et mal tap\u00e9.<\/p>\n","protected":false},"excerpt":{"rendered":"Capitaine de Clermont et prolong\u00e9 jusqu\u2019en 2028, le jeune demi de m\u00eal\u00e9e revient sur une pr\u00e9-saison studieuse, son&hellip;\n","protected":false},"author":2,"featured_media":358455,"comment_status":"","ping_status":"","sticky":false,"template":"","format":"standard","meta":{"footnotes":""},"categories":[1416],"tags":[1011,27,479,1468,60],"class_list":{"0":"post-358454","1":"post","2":"type-post","3":"status-publish","4":"format-standard","5":"has-post-thumbnail","7":"category-rugby","8":"tag-fr","9":"tag-france","10":"tag-rugby","11":"tag-rugby-football","12":"tag-sports"},"share_on_mastodon":{"url":"https:\/\/pubeurope.com\/@fr\/115129488770725863","error":""},"_links":{"self":[{"href":"https:\/\/www.europesays.com\/fr\/wp-json\/wp\/v2\/posts\/358454","targetHints":{"allow":["GET"]}}],"collection":[{"href":"https:\/\/www.europesays.com\/fr\/wp-json\/wp\/v2\/posts"}],"about":[{"href":"https:\/\/www.europesays.com\/fr\/wp-json\/wp\/v2\/types\/post"}],"author":[{"embeddable":true,"href":"https:\/\/www.europesays.com\/fr\/wp-json\/wp\/v2\/users\/2"}],"replies":[{"embeddable":true,"href":"https:\/\/www.europesays.com\/fr\/wp-json\/wp\/v2\/comments?post=358454"}],"version-history":[{"count":0,"href":"https:\/\/www.europesays.com\/fr\/wp-json\/wp\/v2\/posts\/358454\/revisions"}],"wp:featuredmedia":[{"embeddable":true,"href":"https:\/\/www.europesays.com\/fr\/wp-json\/wp\/v2\/media\/358455"}],"wp:attachment":[{"href":"https:\/\/www.europesays.com\/fr\/wp-json\/wp\/v2\/media?parent=358454"}],"wp:term":[{"taxonomy":"category","embeddable":true,"href":"https:\/\/www.europesays.com\/fr\/wp-json\/wp\/v2\/categories?post=358454"},{"taxonomy":"post_tag","embeddable":true,"href":"https:\/\/www.europesays.com\/fr\/wp-json\/wp\/v2\/tags?post=358454"}],"curies":[{"name":"wp","href":"https:\/\/api.w.org\/{rel}","templated":true}]}}