{"id":358456,"date":"2025-09-01T14:22:09","date_gmt":"2025-09-01T14:22:09","guid":{"rendered":"https:\/\/www.europesays.com\/fr\/358456\/"},"modified":"2025-09-01T14:22:09","modified_gmt":"2025-09-01T14:22:09","slug":"pronos-paris-rmc-le-pari-tennis-deric-salliot-du-1er-septembre-us-open","status":"publish","type":"post","link":"https:\/\/www.europesays.com\/fr\/358456\/","title":{"rendered":"PRONOS PARIS RMC Le pari tennis d\u2019Eric Salliot du 1er septembre \u2013 US Open"},"content":{"rendered":"<p><strong>Mon pronostic : Rublev bat F\u00e9lix Auger-Aliassime en quatre ou cinq sets (2.05)<\/strong><\/p>\n<p>Tr\u00e8s belle rencontre \u00e0 suivre aujourd\u2019hui en huiti\u00e8me de finale. F\u00e9lix Auger-Aliassime a parfaitement ma\u00eetris\u00e9 le jeu sans grande consistance de Zverev au tour pr\u00e9c\u00e9dent. Une magnifique performance de la part du Canadien qui essaiera de briser la mal\u00e9diction contre Rublev. En effet, le Russe m\u00e8ne 7-1 dans les confrontations et a un tr\u00e8s gros avantage psychologique sur son advers aire. Le 15e mondial a sorti Prizmic, Boyer puis Wong la semaine derni\u00e8re. Je pense que ce dernier devrait s\u2019imposer pour en quatre ou cinq manches pour plus que doubler la mise !<\/p>\n<p><a href=\"https:\/\/www.winamax.fr\/paris-sportifs\/match\/63100821\" target=\"_blank\" class=\"external_link\" rel=\"nofollow noopener\">Pariez sur FAA \u2013 Rublev ici !<\/a><\/p>\n","protected":false},"excerpt":{"rendered":"Mon pronostic : Rublev bat F\u00e9lix Auger-Aliassime en quatre ou cinq sets (2.05) Tr\u00e8s belle rencontre \u00e0 suivre&hellip;\n","protected":false},"author":2,"featured_media":358457,"comment_status":"","ping_status":"","sticky":false,"template":"","format":"standard","meta":{"footnotes":""},"categories":[1415],"tags":[1011,27,60,1467],"class_list":{"0":"post-358456","1":"post","2":"type-post","3":"status-publish","4":"format-standard","5":"has-post-thumbnail","7":"category-tennis","8":"tag-fr","9":"tag-france","10":"tag-sports","11":"tag-tennis"},"share_on_mastodon":{"url":"https:\/\/pubeurope.com\/@fr\/115129492597763890","error":""},"_links":{"self":[{"href":"https:\/\/www.europesays.com\/fr\/wp-json\/wp\/v2\/posts\/358456","targetHints":{"allow":["GET"]}}],"collection":[{"href":"https:\/\/www.europesays.com\/fr\/wp-json\/wp\/v2\/posts"}],"about":[{"href":"https:\/\/www.europesays.com\/fr\/wp-json\/wp\/v2\/types\/post"}],"author":[{"embeddable":true,"href":"https:\/\/www.europesays.com\/fr\/wp-json\/wp\/v2\/users\/2"}],"replies":[{"embeddable":true,"href":"https:\/\/www.europesays.com\/fr\/wp-json\/wp\/v2\/comments?post=358456"}],"version-history":[{"count":0,"href":"https:\/\/www.europesays.com\/fr\/wp-json\/wp\/v2\/posts\/358456\/revisions"}],"wp:featuredmedia":[{"embeddable":true,"href":"https:\/\/www.europesays.com\/fr\/wp-json\/wp\/v2\/media\/358457"}],"wp:attachment":[{"href":"https:\/\/www.europesays.com\/fr\/wp-json\/wp\/v2\/media?parent=358456"}],"wp:term":[{"taxonomy":"category","embeddable":true,"href":"https:\/\/www.europesays.com\/fr\/wp-json\/wp\/v2\/categories?post=358456"},{"taxonomy":"post_tag","embeddable":true,"href":"https:\/\/www.europesays.com\/fr\/wp-json\/wp\/v2\/tags?post=358456"}],"curies":[{"name":"wp","href":"https:\/\/api.w.org\/{rel}","templated":true}]}}