{"id":358460,"date":"2025-09-01T14:25:22","date_gmt":"2025-09-01T14:25:22","guid":{"rendered":"https:\/\/www.europesays.com\/fr\/358460\/"},"modified":"2025-09-01T14:25:22","modified_gmt":"2025-09-01T14:25:22","slug":"en-direct-kolo-muani-vers-tottenham-lom-tente-le-gros-coup-pavard-suivez-le-dernier-jour-du-mercato","status":"publish","type":"post","link":"https:\/\/www.europesays.com\/fr\/358460\/","title":{"rendered":"EN DIRECT &#8211; Kolo Muani vers Tottenham, l\u2019OM tente le gros coup Pavard&#8230; Suivez le dernier jour du mercato"},"content":{"rendered":"<p class=\"fig-paragraph\">La Juventus ne retrouvera pas <strong>Randal Kolo Muani<\/strong>, lui qui y avait \u00e9t\u00e9 pr\u00eat\u00e9 l\u2019hiver dernier. Le club turinois a n\u00e9goci\u00e9 tout l\u2019\u00e9t\u00e9 avec le PSG pour conserver l\u2019attaquant tricolore. En vain. Le vice-champion du monde 2022, \u00e2g\u00e9 de 26 ans, s\u2019est quasiment entendu avec Tottenham, informe Fabrizio Romano.<\/p>\n<p class=\"fig-paragraph\">Paris n\u00e9gocie avec l\u2019\u00e9quipe londonienne et souhaite \u00e0 tout prix une obligation d\u2019achat \u00e0 l\u2019issue du pr\u00eat. Les Spurs ont remport\u00e9 la derni\u00e8re Ligue Europa et disputeront la Ligue des champions, o\u00f9 ils affronteront Monaco et&#8230; le PSG le 26 novembre au Parc des Princes.<\/p>\n","protected":false},"excerpt":{"rendered":"La Juventus ne retrouvera pas Randal Kolo Muani, lui qui y avait \u00e9t\u00e9 pr\u00eat\u00e9 l\u2019hiver dernier. Le club&hellip;\n","protected":false},"author":2,"featured_media":358461,"comment_status":"","ping_status":"","sticky":false,"template":"","format":"standard","meta":{"footnotes":""},"categories":[1412],"tags":[2329,69,2261,1451,63,1452,1453,1454,1455,1011,27,10528,3309,6201,453,66,446,1434,70,67,60,969,10662],"class_list":{"0":"post-358460","1":"post","2":"type-post","3":"status-publish","4":"format-standard","5":"has-post-thumbnail","7":"category-f1","8":"tag-adrien-rabiot","9":"tag-bundesliga","10":"tag-calcio","11":"tag-f1","12":"tag-football","13":"tag-formula-1","14":"tag-formula1","15":"tag-formule-1","16":"tag-formule1","17":"tag-fr","18":"tag-france","19":"tag-gianluigi-donnarumma","20":"tag-l1","21":"tag-l2","22":"tag-liga","23":"tag-ligue-1","24":"tag-ligue-2","25":"tag-mercato","26":"tag-premier-league","27":"tag-serie-a","28":"tag-sports","29":"tag-transfert","30":"tag-transferts"},"share_on_mastodon":{"url":"https:\/\/pubeurope.com\/@fr\/115129504457066378","error":""},"_links":{"self":[{"href":"https:\/\/www.europesays.com\/fr\/wp-json\/wp\/v2\/posts\/358460","targetHints":{"allow":["GET"]}}],"collection":[{"href":"https:\/\/www.europesays.com\/fr\/wp-json\/wp\/v2\/posts"}],"about":[{"href":"https:\/\/www.europesays.com\/fr\/wp-json\/wp\/v2\/types\/post"}],"author":[{"embeddable":true,"href":"https:\/\/www.europesays.com\/fr\/wp-json\/wp\/v2\/users\/2"}],"replies":[{"embeddable":true,"href":"https:\/\/www.europesays.com\/fr\/wp-json\/wp\/v2\/comments?post=358460"}],"version-history":[{"count":0,"href":"https:\/\/www.europesays.com\/fr\/wp-json\/wp\/v2\/posts\/358460\/revisions"}],"wp:featuredmedia":[{"embeddable":true,"href":"https:\/\/www.europesays.com\/fr\/wp-json\/wp\/v2\/media\/358461"}],"wp:attachment":[{"href":"https:\/\/www.europesays.com\/fr\/wp-json\/wp\/v2\/media?parent=358460"}],"wp:term":[{"taxonomy":"category","embeddable":true,"href":"https:\/\/www.europesays.com\/fr\/wp-json\/wp\/v2\/categories?post=358460"},{"taxonomy":"post_tag","embeddable":true,"href":"https:\/\/www.europesays.com\/fr\/wp-json\/wp\/v2\/tags?post=358460"}],"curies":[{"name":"wp","href":"https:\/\/api.w.org\/{rel}","templated":true}]}}