{"id":358462,"date":"2025-09-01T14:26:11","date_gmt":"2025-09-01T14:26:11","guid":{"rendered":"https:\/\/www.europesays.com\/fr\/358462\/"},"modified":"2025-09-01T14:26:11","modified_gmt":"2025-09-01T14:26:11","slug":"vuelta-tour-despagne-parcours-profil-de-la-10e-etape-un-nouveau-show-vingegaard","status":"publish","type":"post","link":"https:\/\/www.europesays.com\/fr\/358462\/","title":{"rendered":"Vuelta. Tour d&rsquo;Espagne &#8211; Parcours, profil&#8230; de la 10e \u00e9tape ! Un nouveau show Vingegaard ?"},"content":{"rendered":"<p>Apr\u00e8s la premi\u00e8re journ\u00e9e de repos, la 10e \u00e9tape de <strong><a href=\"https:\/\/www.cyclismactu.net\/..\/news-tour-d-espagne-route-jonas-vingegaard-9e-etape-torstein-traeen-garde-son-rouge-89898.html\" target=\"_blank\" rel=\"nofollow noopener\">La Vuelta<\/a><\/strong> s\u2019annonce comme un v\u00e9ritable test pour les grimpeurs avec ses 168 kilom\u00e8tres et plus de 3 300 m\u00e8tres de d\u00e9nivel\u00e9 positif, culminant \u00e0 la station de ski de Larra-Belagua. Au d\u00e9part du parc \u00e0 th\u00e8me et zoo Parque de la Naturaleza Sendaviva, les coureurs traverseront d\u2019abord des routes plates avant d\u2019attaquer une s\u00e9rie de mont\u00e9es progressives, dont la redoutable ascension finale de 9,3 kilom\u00e8tres \u00e0 6,3 % de moyenne.<\/p>\n<p>Vid\u00e9o &#8211; Jonas Vingegaard, vainqueur de la 9e \u00e9tape Lire la suite de l&rsquo;article&#13;<\/p>\n<p>\u00a0<\/p>\n<p>&#13;<br \/>\nVingegaard&#8230; ou l&rsquo;\u00e9chapp\u00e9e ?&#13;<\/p>\n<p>Une 10e \u00e9tape qui pourrait de nouveau sourire \u00e0 <strong>Jonas Vingegaard<\/strong>. La Danois de la<strong> Visma | Lease a Bike <\/strong>a sembl\u00e9 intouchable sur la 9e \u00e9tape et pourrait bien doubler la mise ce mardi. Mais les autres favoris au classement g\u00e9n\u00e9ral, comme<strong> Joao Almeida<\/strong> (UAE Team Emirates XRG), <strong>Tom Pidcock<\/strong> (Q36.5) ou encore <strong>Giulio Ciccone<\/strong> (Lidl-Trek).<\/p>\n<p>&#13;<\/p>\n<p>Mais les \u00e9chapp\u00e9s pourraient bien aussi se jouer la gagne si les \u00e9quipes de favoris d\u00e9cident de ne pas contr\u00f4ler.<strong> Juan Ayuso<\/strong>, <strong>Jay Vine <\/strong>(UAE Team Emirates XRG) ou<strong> Marco Frigo <\/strong>(Israel-Premier Tech) feront alors partie des coureurs \u00e0 suivre.<\/p>\n<p>&#13;<\/p>\n<p>\u00a0<\/p>\n<p>&#13;<br \/>\nLe parcours de la 10e \u00e9tape&#13;<\/p>\n<p>&#8211; Mardi 2 septembre \u2013 <strong>\u00c9tape 10<\/strong> : Parque de la Naturaleza Sendaviva &#8211; El Ferial Larra Belagua \/ 168 km &#8211;\u00a03317m D+<\/p>\n<p>&#13;<\/p>\n<p><img decoding=\"async\" src=\"https:\/\/www.europesays.com\/fr\/wp-content\/uploads\/2025\/09\/LaVuelta2025_10.jpg\" style=\"max-width:100%;max-height:100%;\" alt=\"image\" loading=\"lazy\"\/><\/p>\n<p>&#13;<\/p>\n<p>\u00a0<\/p>\n<p>&#13;<\/p>\n","protected":false},"excerpt":{"rendered":"Apr\u00e8s la premi\u00e8re journ\u00e9e de repos, la 10e \u00e9tape de La Vuelta s\u2019annonce comme un v\u00e9ritable test pour&hellip;\n","protected":false},"author":2,"featured_media":358463,"comment_status":"","ping_status":"","sticky":false,"template":"","format":"standard","meta":{"footnotes":""},"categories":[1411],"tags":[1154,207,1011,27,209,60,3318,208],"class_list":{"0":"post-358462","1":"post","2":"type-post","3":"status-publish","4":"format-standard","5":"has-post-thumbnail","7":"category-cyclisme","8":"tag-cycling","9":"tag-cyclisme","10":"tag-fr","11":"tag-france","12":"tag-route","13":"tag-sports","14":"tag-tour-d","15":"tag-velo"},"share_on_mastodon":{"url":"https:\/\/pubeurope.com\/@fr\/115129509250409979","error":""},"_links":{"self":[{"href":"https:\/\/www.europesays.com\/fr\/wp-json\/wp\/v2\/posts\/358462","targetHints":{"allow":["GET"]}}],"collection":[{"href":"https:\/\/www.europesays.com\/fr\/wp-json\/wp\/v2\/posts"}],"about":[{"href":"https:\/\/www.europesays.com\/fr\/wp-json\/wp\/v2\/types\/post"}],"author":[{"embeddable":true,"href":"https:\/\/www.europesays.com\/fr\/wp-json\/wp\/v2\/users\/2"}],"replies":[{"embeddable":true,"href":"https:\/\/www.europesays.com\/fr\/wp-json\/wp\/v2\/comments?post=358462"}],"version-history":[{"count":0,"href":"https:\/\/www.europesays.com\/fr\/wp-json\/wp\/v2\/posts\/358462\/revisions"}],"wp:featuredmedia":[{"embeddable":true,"href":"https:\/\/www.europesays.com\/fr\/wp-json\/wp\/v2\/media\/358463"}],"wp:attachment":[{"href":"https:\/\/www.europesays.com\/fr\/wp-json\/wp\/v2\/media?parent=358462"}],"wp:term":[{"taxonomy":"category","embeddable":true,"href":"https:\/\/www.europesays.com\/fr\/wp-json\/wp\/v2\/categories?post=358462"},{"taxonomy":"post_tag","embeddable":true,"href":"https:\/\/www.europesays.com\/fr\/wp-json\/wp\/v2\/tags?post=358462"}],"curies":[{"name":"wp","href":"https:\/\/api.w.org\/{rel}","templated":true}]}}