{"id":358466,"date":"2025-09-01T14:28:15","date_gmt":"2025-09-01T14:28:15","guid":{"rendered":"https:\/\/www.europesays.com\/fr\/358466\/"},"modified":"2025-09-01T14:28:15","modified_gmt":"2025-09-01T14:28:15","slug":"yann-barthes-devoile-pourquoi-il-a-radicalement-change-de-look-dans-quotidien","status":"publish","type":"post","link":"https:\/\/www.europesays.com\/fr\/358466\/","title":{"rendered":"Yann Barth\u00e8s d\u00e9voile pourquoi il a radicalement chang\u00e9 de look dans Quotidien"},"content":{"rendered":"<p>Invit\u00e9 sur le plateau de Bonjour !, la matinale de TF1, ce vendredi 29 ao\u00fbt 2025 pour faire la promotion de la rentr\u00e9e de Quotidien &#8211; qui aura lieu ce lundi 1er septembre au soir sur TMC &#8211; Yann Barth\u00e8s a accept\u00e9 de r\u00e9pondre aux questions de Bruce Toussaint, notamment sur son look vestimentaire qui a bien \u00e9volu\u00e9 ces derniers mois.<\/p>\n<p>Bruce Toussaint et toute l&rsquo;\u00e9quipe de la matinale de TF1 recevaient Yann Barth\u00e8s sur le plateau de Bonjour ! ce vendredi 29 ao\u00fbt 2025. L&rsquo;occasion pour la premi\u00e8re cha\u00eene de faire la promotion de son talk-show &#8211; diffus\u00e9 sur TMC depuis dix ans &#8211; qui fera sa rentr\u00e9e ce lundi 1er septembre. <a href=\"https:\/\/www.programme-tv.net\/news\/people\/386348-je-n-ai-pas-d-ennemis-yann-barthes-s-exprime-sur-sa-relation-avec-cyril-hanouna\/\" data-api-deeplink=\"teleloisirs:\/\/news\/386348\" target=\"_blank\" rel=\"noopener\">S&rsquo;il a profit\u00e9 de cette rare interview pour \u00e9voquer ses relations avec Cyril Hanouna<\/a>, Yann Barth\u00e8s a \u00e9galement comment\u00e9 <a href=\"https:\/\/www.programme-tv.net\/news\/tv\/386432-quotidien-speciale-vanessa-paradis-bad-buzz-kad-merad-nouveaux-chroniqueurs-remaniement-yann-barthes-devoile-le-programme-de-sa-rentree\/\" data-api-deeplink=\"teleloisirs:\/\/news\/386432\" target=\"_blank\" rel=\"noopener\">sa rentr\u00e9e \u00e0 venir<\/a>, le nouveau poste de <a href=\"https:\/\/www.programme-tv.net\/news\/tv\/386485-voici-les-tout-premiers-mots-que-lea-salame-devrait-prononcer-pour-son-jt-au-20h-de-france-2-ce-lundi-soir\/\" data-api-deeplink=\"teleloisirs:\/\/news\/386485\" target=\"_blank\" rel=\"noopener\">L\u00e9a Salam\u00e9 &#8211; aux commandes du Journal T\u00e9l\u00e9vis\u00e9 de 20 Heures de France 2<\/a> &#8211; et son look vestimentaire qui a connu quelques \u00e9volutions depuis ses d\u00e9buts dans Quotidien.<\/p>\n<p>\u00ab\u00a0Il fallait me vieillir\u00a0\u00bb : Yann Barth\u00e8s d\u00e9voile pourquoi il a radicalement chang\u00e9 de look dans Quotidien<\/p>\n<p>\u00ab\u00a0Comment allez-vous \u00eatre habill\u00e9 lundi ? <a href=\"https:\/\/www.programme-tv.net\/news\/tv\/281765-quotidien-yann-barthes-devoile-un-nouveau-look-dans-une-bande-annonce-de-rentree-delirante-video\/\" data-api-deeplink=\"teleloisirs:\/\/news\/281765\" target=\"_blank\" rel=\"noopener\">Parce que j&rsquo;ai remarqu\u00e9 que \u00e7a y est, la veste et la cravate, tout \u00e7a c&rsquo;est termin\u00e9.<\/a> Voil\u00e0 le look Barth\u00e8s depuis quelques mois&#8230;\u00a0\u00bb, a demand\u00e9 Bruce Toussaint \u00e0 son invit\u00e9 avant de diffuser des photos de ce dernier dans diff\u00e9rentes tenues &#8211; chemises au dernier bouton d\u00e9tach\u00e9, polo chic et d\u00e9contract\u00e9, etc. &#8211; aux commandes de Quotidien. \u00ab\u00a0C&rsquo;est tr\u00e8s bien mais pourquoi vous avez arr\u00eat\u00e9 la veste et la cravate ?\u00a0\u00bb, a-t-il ajout\u00e9. \u00ab\u00a0Alors, raison num\u00e9ro un : parce que j&rsquo;en avais un peu marre. Raison num\u00e9ro deux : quand j&rsquo;\u00e9tais jeune, il fallait me vieillir, et la suite, vous la voyez&#8230; Hop l\u00e0 !\u00a0\u00bb, a r\u00e9pondu Yann Barth\u00e8s, amus\u00e9. \u00ab\u00a0Et puis l\u00e0, bon, ben, il n&rsquo;y avait plus besoin de me vieillir ; on va mettre des trucs un peu plus cools. Et puis, <a href=\"https:\/\/www.programme-tv.net\/news\/tv\/288992-parfois-ils-se-moquent-et-me-disent-que-je-suis-debraille-ce-que-pensent-laurent-bon-et-yann-barthes-du-look-tres-cool-detienne-carbonnier\/\" data-api-deeplink=\"teleloisirs:\/\/news\/288992\" target=\"_blank\" rel=\"noopener\">en v\u00e9rit\u00e9, c&rsquo;est plus cool<\/a>. Des fois ce sont mes habits de la journ\u00e9e\u00a0\u00bb, a-t-il ajout\u00e9 avant que sa derni\u00e8re remarque ne provoque un long silence sur le plateau.<\/p>\n<p>                        Yann Barth\u00e8s parle de son look et laisse les chroniqueurs de Bonjour ! silencieux<\/p>\n<p>\u00ab\u00a0En sortant de la salle de sport&#8230;\u00a0\u00bb, a fini par ajouter une chroniqueuse, <a href=\"https:\/\/www.programme-tv.net\/news\/tv\/379255-c-est-une-punition-cette-emission-francois-xavier-demaison-pris-au-depourvu-par-yann-barthes-apres-une-question-inattendue-dans-quotidien\/\" data-api-deeplink=\"teleloisirs:\/\/news\/379255\" target=\"_blank\" rel=\"noopener\">brisant un silence t\u00e9l\u00e9visuel qui commen\u00e7ait \u00e0 devenir pesant<\/a>. \u00ab\u00a0\u00c7a a laiss\u00e9 un silence l\u00e0&#8230;\u00a0\u00bb, a ajout\u00e9 un autre tandis que Bruce Toussaint, amus\u00e9, s&rsquo;est expliqu\u00e9 : \u00ab\u00a0Non mais j&rsquo;essayais d&rsquo;imaginer si moi-m\u00eame je m&rsquo;habillais comme&#8230; Euh&#8230;\u00a0\u00bb.<\/p>\n","protected":false},"excerpt":{"rendered":"Invit\u00e9 sur le plateau de Bonjour !, la matinale de TF1, ce vendredi 29 ao\u00fbt 2025 pour faire&hellip;\n","protected":false},"author":2,"featured_media":358467,"comment_status":"","ping_status":"","sticky":false,"template":"","format":"standard","meta":{"footnotes":""},"categories":[1359],"tags":[6778,6779,244,58,59,1011,27,16751,973,1404,23318],"class_list":{"0":"post-358466","1":"post","2":"type-post","3":"status-publish","4":"format-standard","5":"has-post-thumbnail","7":"category-people","8":"tag-bonjour-la-matinale-tf1","9":"tag-bruce-toussaint","10":"tag-commentaire","11":"tag-divertissement","12":"tag-entertainment","13":"tag-fr","14":"tag-france","15":"tag-look","16":"tag-people","17":"tag-quotidien","18":"tag-yann-barthu00e8s"},"share_on_mastodon":{"url":"https:\/\/pubeurope.com\/@fr\/115129516347122806","error":""},"_links":{"self":[{"href":"https:\/\/www.europesays.com\/fr\/wp-json\/wp\/v2\/posts\/358466","targetHints":{"allow":["GET"]}}],"collection":[{"href":"https:\/\/www.europesays.com\/fr\/wp-json\/wp\/v2\/posts"}],"about":[{"href":"https:\/\/www.europesays.com\/fr\/wp-json\/wp\/v2\/types\/post"}],"author":[{"embeddable":true,"href":"https:\/\/www.europesays.com\/fr\/wp-json\/wp\/v2\/users\/2"}],"replies":[{"embeddable":true,"href":"https:\/\/www.europesays.com\/fr\/wp-json\/wp\/v2\/comments?post=358466"}],"version-history":[{"count":0,"href":"https:\/\/www.europesays.com\/fr\/wp-json\/wp\/v2\/posts\/358466\/revisions"}],"wp:featuredmedia":[{"embeddable":true,"href":"https:\/\/www.europesays.com\/fr\/wp-json\/wp\/v2\/media\/358467"}],"wp:attachment":[{"href":"https:\/\/www.europesays.com\/fr\/wp-json\/wp\/v2\/media?parent=358466"}],"wp:term":[{"taxonomy":"category","embeddable":true,"href":"https:\/\/www.europesays.com\/fr\/wp-json\/wp\/v2\/categories?post=358466"},{"taxonomy":"post_tag","embeddable":true,"href":"https:\/\/www.europesays.com\/fr\/wp-json\/wp\/v2\/tags?post=358466"}],"curies":[{"name":"wp","href":"https:\/\/api.w.org\/{rel}","templated":true}]}}