{"id":358473,"date":"2025-09-01T14:32:14","date_gmt":"2025-09-01T14:32:14","guid":{"rendered":"https:\/\/www.europesays.com\/fr\/358473\/"},"modified":"2025-09-01T14:32:14","modified_gmt":"2025-09-01T14:32:14","slug":"rentree-difficile-pour-elodie-gossuin-eric-antoine-sest-marie","status":"publish","type":"post","link":"https:\/\/www.europesays.com\/fr\/358473\/","title":{"rendered":"Rentr\u00e9e difficile pour \u00c9lodie Gossuin\u2026 \u00c9ric Antoine s\u2019est mari\u00e9\u2026"},"content":{"rendered":"<p class=\"mb-4 text-lg md:leading-8 break-words\"><strong>FIL DES STARS &#8211; Toute l\u2019actualit\u00e9 people est dans \u00ab\u00a020 Minutes\u00a0\u00bb<\/strong><\/p>\n<p class=\"mb-4 text-lg md:leading-8 break-words\">1er\u00a0septembre 2025<\/p>\n<p>Vianney poursuit la construction de sa cabane<\/p>\n<p class=\"mb-4 text-lg md:leading-8 break-words\">Le chanteur est toujours attel\u00e9 \u00e0 la r\u00e9alisation de ce qui doit devenir cet hiver <a href=\"https:\/\/www.20minutes.fr\/arts-stars\/people\/4166085-20250731-vianney-lance-tutos-construction-cabane?at_medium=RSS%20feed&amp;at_campaign=ynews&amp;utm_source=yahoo&amp;utm_medium=rss&amp;utm_campaign=news_feed&amp;utm_content=in_article_link\" rel=\"nofollow noopener\" target=\"_blank\" data-ylk=\"slk:son refuge cr\u00e9atif;elm:context_link;itc:0;sec:content-canvas\" class=\"link \">son refuge cr\u00e9atif<\/a>. <a href=\"https:\/\/www.instagram.com\/p\/DOAxBtqjRay\/?hl=fr&amp;img_index=1&amp;at_medium=RSS%20feed&amp;at_campaign=ynews&amp;utm_source=yahoo&amp;utm_medium=rss&amp;utm_campaign=news_feed&amp;utm_content=in_article_link\" rel=\"nofollow noopener\" target=\"_blank\" data-ylk=\"slk:Sur Instagram;elm:context_link;itc:0;sec:content-canvas\" class=\"link \">Sur Instagram<\/a>, le chanteur \u00ab\u00a0charpentier\u00a0\u00bb a post\u00e9 une s\u00e9rie de photos, dont un message par lequel il remercie ses \u00ab\u00a01.000.000 d\u2019abonn\u00e9s insta\u00a0\u00bb qui en font le \u00ab\u00a0charpentier le +\u00a0suivi du monde\u00a0\u00bb. Quelques vid\u00e9os montrent que charpentier, c\u2019est un m\u00e9tier difficile\u00a0! Et la l\u00e9gende de Vianney le confirme\u00a0: \u00ab\u00a0Le jour j\u2019\u00e9cor\u00e7ais mes troncs. La nuit, je r\u00eavais que je le faisais. Je me suis d\u00e9couvert des douleurs inconnues et m\u2019en suis senti chanceux.\u00a0\u00bb<\/p>\n<p class=\"mb-4 text-lg md:leading-8 break-words\">Plein d\u2019humour, <a href=\"https:\/\/www.20minutes.fr\/arts-stars\/people\/4156008-20250529-vianney-entre-musee-grevin-cassie-ventura-accouche-troisieme-enfant?at_medium=RSS%20feed&amp;at_campaign=ynews&amp;utm_source=yahoo&amp;utm_medium=rss&amp;utm_campaign=news_feed&amp;utm_content=in_article_link\" rel=\"nofollow noopener\" target=\"_blank\" data-ylk=\"slk:Vianney;elm:context_link;itc:0;sec:content-canvas\" class=\"link \">Vianney<\/a> a \u00e9galement post\u00e9 un adorable audio de son petit gar\u00e7on, Edgar, qui demande\u00a0: \u00ab\u00a0La cabane, elle sera pr\u00eate quand je serai grand\u00a0?\u00a0\u00bb<\/p>\n<p class=\"mb-4 text-lg md:leading-8 break-words\">Le chanteur de Je m\u2019en vais, signale que la suite de son tuto est disponible sur YouTube\u2026 pour ceux qui ont du courage et de la t\u00e9nacit\u00e9\u00a0!<\/p>\n<p>Rentr\u00e9e difficile pour \u00c9lodie Gossuin\u00c9ric Antoine s\u2019est mari\u00e9<\/p>\n<p class=\"mb-4 text-lg md:leading-8 break-words\">Le magicien et animateur de L<a href=\"https:\/\/www.20minutes.fr\/arts-stars\/television\/4137797-20250208-roue-fortune-m6-roue-train-tourner-jeu-eric-antoine)?at_medium=RSS%20feed&amp;at_campaign=ynews&amp;utm_source=yahoo&amp;utm_medium=rss&amp;utm_campaign=news_feed&amp;utm_content=in_article_link\" rel=\"nofollow noopener\" target=\"_blank\" data-ylk=\"slk:a Roue de la Fortune;elm:context_link;itc:0;sec:content-canvas\" class=\"link \">a Roue de la Fortune<\/a> sur M6 et sa compagne Gennifer Demey se sont dit \u00ab\u00a0oui\u00a0\u00bb \u00e0 Aix-en-Provence. Samedi 30\u00a0ao\u00fbt, les deux personnalit\u00e9s de t\u00e9l\u00e9vision \u00e9taient entour\u00e9es d\u2019homologues tels que <a href=\"https:\/\/www.20minutes.fr\/arts-stars\/people\/4164341-20250718-karine-marchand-partage-deboires-vacances?at_medium=RSS%20feed&amp;at_campaign=ynews&amp;utm_source=yahoo&amp;utm_medium=rss&amp;utm_campaign=news_feed&amp;utm_content=in_article_link\" rel=\"nofollow noopener\" target=\"_blank\" data-ylk=\"slk:Karine Le\u00a0Marchand;elm:context_link;itc:0;sec:content-canvas\" class=\"link \">Karine Le\u00a0Marchand<\/a>.<\/p>\n<p class=\"mb-4 text-lg md:leading-8 break-words\">Une <a href=\"https:\/\/www.instagram.com\/p\/DN--FnaDAr0\/?hl=fr&amp;at_medium=RSS%20feed&amp;at_campaign=ynews&amp;utm_source=yahoo&amp;utm_medium=rss&amp;utm_campaign=news_feed&amp;utm_content=in_article_link\" rel=\"nofollow noopener\" target=\"_blank\" data-ylk=\"slk:photo;elm:context_link;itc:0;sec:content-canvas\" class=\"link \">photo<\/a> post\u00e9e conjointement sur le compte Instagram des jeunes mari\u00e9s les montre au moment de la sortie de la mairie, alors que la mari\u00e9e s\u2019appr\u00eate \u00e0 envoyer son bouquet, et qu\u2019ils se regardent langoureusement, un violoniste pour fond musical.<\/p>\n<p class=\"mb-4 text-lg md:leading-8 break-words\">La f\u00eate s\u2019est tenue en dehors de (&#8230;)<\/p>\n<p class=\"mb-4 text-lg md:leading-8 break-words\"><a href=\"https:\/\/www.20minutes.fr\/arts-stars\/people\/4170523-20250901-rentree-difficile-elodie-gossuin-eric-antoine-marie?at_medium=RSS%20feed&amp;at_campaign=ynews&amp;utm_source=yahoo&amp;utm_medium=rss&amp;utm_campaign=news_feed&amp;utm_content=read_more_link&quot;\" rel=\"nofollow noopener\" target=\"_blank\" data-ylk=\"slk:Lire la suite sur 20minutes;elm:context_link;itc:0;sec:content-canvas\" class=\"link \">Lire la suite sur 20minutes<\/a><\/p>\n<p>\u00c0 lire aussi :<br \/><a href=\"https:\/\/www.20minutes.fr\/arts-stars\/people\/4158923-20250617-elodie-gossuin-stressee-bac-enfants-jeff-panacloc-deja-fait-voler-jean-marc?at_medium=RSS%20feed&amp;at_campaign=ynews&amp;utm_source=yahoo&amp;utm_medium=rss&amp;utm_campaign=news_feed&amp;utm_content=related_content_link\" rel=\"nofollow noopener\" target=\"_blank\" data-ylk=\"slk:\u00c9lodie Gossuin stress\u00e9e par le bac de ses enfants\u2026 Jeff Panacloc s\u2019est d\u00e9j\u00e0 fait voler son Jean-Marc\u2026;elm:context_link;itc:0;sec:content-canvas\" class=\"link \">\u00c9lodie Gossuin stress\u00e9e par le bac de ses enfants\u2026 Jeff Panacloc s\u2019est d\u00e9j\u00e0 fait voler son Jean-Marc\u2026<\/a><\/p>\n<p><script async src=\"\/\/www.instagram.com\/embed.js\"><\/script><\/p>\n","protected":false},"excerpt":{"rendered":"FIL DES STARS &#8211; Toute l\u2019actualit\u00e9 people est dans \u00ab\u00a020 Minutes\u00a0\u00bb 1er\u00a0septembre 2025 Vianney poursuit la construction de&hellip;\n","protected":false},"author":2,"featured_media":358474,"comment_status":"","ping_status":"","sticky":false,"template":"","format":"standard","meta":{"footnotes":""},"categories":[1355],"tags":[642,58,16861,59,1011,27,4006,1361,873,8475],"class_list":{"0":"post-358473","1":"post","2":"type-post","3":"status-publish","4":"format-standard","5":"has-post-thumbnail","7":"category-musique","8":"tag-20-minutes","9":"tag-divertissement","10":"tag-elodie-gossuin","11":"tag-entertainment","12":"tag-fr","13":"tag-france","14":"tag-le-chanteur","15":"tag-music","16":"tag-musique","17":"tag-vianney"},"share_on_mastodon":{"url":"https:\/\/pubeurope.com\/@fr\/115129532161377362","error":""},"_links":{"self":[{"href":"https:\/\/www.europesays.com\/fr\/wp-json\/wp\/v2\/posts\/358473","targetHints":{"allow":["GET"]}}],"collection":[{"href":"https:\/\/www.europesays.com\/fr\/wp-json\/wp\/v2\/posts"}],"about":[{"href":"https:\/\/www.europesays.com\/fr\/wp-json\/wp\/v2\/types\/post"}],"author":[{"embeddable":true,"href":"https:\/\/www.europesays.com\/fr\/wp-json\/wp\/v2\/users\/2"}],"replies":[{"embeddable":true,"href":"https:\/\/www.europesays.com\/fr\/wp-json\/wp\/v2\/comments?post=358473"}],"version-history":[{"count":0,"href":"https:\/\/www.europesays.com\/fr\/wp-json\/wp\/v2\/posts\/358473\/revisions"}],"wp:featuredmedia":[{"embeddable":true,"href":"https:\/\/www.europesays.com\/fr\/wp-json\/wp\/v2\/media\/358474"}],"wp:attachment":[{"href":"https:\/\/www.europesays.com\/fr\/wp-json\/wp\/v2\/media?parent=358473"}],"wp:term":[{"taxonomy":"category","embeddable":true,"href":"https:\/\/www.europesays.com\/fr\/wp-json\/wp\/v2\/categories?post=358473"},{"taxonomy":"post_tag","embeddable":true,"href":"https:\/\/www.europesays.com\/fr\/wp-json\/wp\/v2\/tags?post=358473"}],"curies":[{"name":"wp","href":"https:\/\/api.w.org\/{rel}","templated":true}]}}