{"id":358483,"date":"2025-09-01T14:37:11","date_gmt":"2025-09-01T14:37:11","guid":{"rendered":"https:\/\/www.europesays.com\/fr\/358483\/"},"modified":"2025-09-01T14:37:11","modified_gmt":"2025-09-01T14:37:11","slug":"un-village-vieux-de-8-500-ans-englouti-par-la-montee-des-eaux-decouvert-sur-la-cote","status":"publish","type":"post","link":"https:\/\/www.europesays.com\/fr\/358483\/","title":{"rendered":"Un village vieux de 8.500 ans, englouti par la mont\u00e9e des eaux, d\u00e9couvert sur la c\u00f4te"},"content":{"rendered":"<p>Un <a href=\"https:\/\/www.20minutes.fr\/dossier\/village\" class=\"c-link c-link--is-underlined\" rel=\"nofollow noopener\" target=\"_blank\">village<\/a> datant de l\u2019\u00e2ge de pierre a \u00e9t\u00e9 retrouv\u00e9 \u00e0 8\u00a0m\u00a0de profondeur pr\u00e8s de la c\u00f4te d\u2019Aarhus, la deuxi\u00e8me plus grande ville du <a href=\"https:\/\/www.20minutes.fr\/dossier\/danemark\" class=\"c-link c-link--is-underlined\" rel=\"nofollow noopener\" target=\"_blank\">Danemark<\/a>, rapporte <a href=\"https:\/\/www.cbsnews.com\/news\/stone-age-village-lost-sea-8500-years-ago-found-denmark\/\" target=\"_blank\" class=\"c-link c-link--is-underlined\" rel=\"nofollow noopener\">CBS News<\/a>. Il a \u00e9t\u00e9 englouti apr\u00e8s la fin de la derni\u00e8re p\u00e9riode glaciaire, \u00e0 l\u2019issue de laquelle le <a href=\"https:\/\/www.20minutes.fr\/dossier\/mer\" class=\"c-link c-link--is-underlined\" rel=\"nofollow noopener\" target=\"_blank\">niveau de la mer<\/a> a augment\u00e9 d\u2019environ 2\u00a0m\u00a0par si\u00e8cle.<\/p>\n<p>Les premi\u00e8res <a href=\"https:\/\/www.20minutes.fr\/dossier\/plongee\" class=\"c-link c-link--is-underlined\" rel=\"nofollow noopener\" target=\"_blank\">plong\u00e9es<\/a> ont d\u00e9j\u00e0 permis d\u2019identifier un grand nombre d\u2019outils primitifs tr\u00e8s bien conserv\u00e9s. \u00ab\u00a0C\u2019est comme une capsule temporelle\u00a0\u00bb, explique Peter Moe Astrup, <a href=\"https:\/\/www.20minutes.fr\/dossier\/archeologie\" class=\"c-link c-link--is-underlined\" rel=\"nofollow noopener\" target=\"_blank\">arch\u00e9ologue<\/a> sous-marin et directeur des fouilles. \u00ab\u00a0Lorsque le niveau de la mer a mont\u00e9, tout a \u00e9t\u00e9 pr\u00e9serv\u00e9 dans un <a href=\"https:\/\/www.20minutes.fr\/planete\/environnement\/\" class=\"c-link c-link--is-underlined\" rel=\"nofollow noopener\" target=\"_blank\">environnement<\/a> sans oxyg\u00e8ne\u2026 Le temps s\u2019est tout simplement arr\u00eat\u00e9.\u00a0\u00bb<\/p>\n<p>De nouvelles plong\u00e9es pr\u00e9vues<\/p>\n<p>Les fouilles s\u2019inscrivent dans le cadre d\u2019un projet international\u00a0financ\u00e9 par <a href=\"https:\/\/www.20minutes.fr\/dossier\/ue\" class=\"c-link c-link--is-underlined\" rel=\"nofollow noopener\" target=\"_blank\">l\u2019Union europ\u00e9enne<\/a> \u00e0 hauteur de\u00a015,5\u00a0millions de dollars sur six ans. Il vise \u00e0 cartographier certaines parties des fonds marins de la mer Baltique et de la mer du Nord avant qu\u2019ils ne soient d\u00e9truits par la construction des parcs \u00e9oliens offshore et d\u2019autres infrastructures maritimes.<\/p>\n<p>L\u2019\u00e9volution de la ligne c\u00f4ti\u00e8re avec la fonte des glaces laisse penser qu\u2019il existait des sites m\u00e9solithiques engloutis. Les premi\u00e8res fouilles men\u00e9es dans la baie d\u2019Aarhus ont \u00e9t\u00e9 concluantes. Les <a href=\"https:\/\/www.20minutes.fr\/dossier\/recherches\" class=\"c-link c-link--is-underlined\" rel=\"nofollow noopener\" target=\"_blank\">recherches<\/a> se sont ensuite concentr\u00e9es sur une zone de 40 m\u00b2 dans le village. Avec un aspirateur sous-marin, les chercheurs ont r\u00e9cup\u00e9r\u00e9\u00a0des os d\u2019<a href=\"https:\/\/www.20minutes.fr\/planete\/animaux\/\" class=\"c-link c-link--is-underlined\" rel=\"nofollow noopener\" target=\"_blank\">animaux<\/a>, des outils en pierre, des pointes de fl\u00e8ches, une dent de phoque et un petit morceau de bois travaill\u00e9.<\/p>\n<\/p>\n<p>Les artefacts retrouv\u00e9s vont \u00eatre analys\u00e9s et de nouvelles plong\u00e9es sont pr\u00e9vues dans la zone.\u00a0Toutes ces recherches ont bien entendu pour but de comprendre comment nos anc\u00eatres vivaient dans ces villages c\u00f4tiers. Mais plus en profondeur, ils ont aussi pour objectif de nous renseigner sur comment ils se sont adapt\u00e9s \u00e0 cette rapide mont\u00e9e des eaux, ph\u00e9nom\u00e8ne auquel nous faisons actuellement face \u00e0 un rythme encore plus intense avec le r\u00e9chauffement climatique.<\/p>\n","protected":false},"excerpt":{"rendered":"Un village datant de l\u2019\u00e2ge de pierre a \u00e9t\u00e9 retrouv\u00e9 \u00e0 8\u00a0m\u00a0de profondeur pr\u00e8s de la c\u00f4te d\u2019Aarhus,&hellip;\n","protected":false},"author":2,"featured_media":358484,"comment_status":"","ping_status":"","sticky":false,"template":"","format":"standard","meta":{"footnotes":""},"categories":[7],"tags":[730,7079,145,1011,27,142,6127,10468,43,40,41,39,42,44,6456],"class_list":{"0":"post-358483","1":"post","2":"type-post","3":"status-publish","4":"format-standard","5":"has-post-thumbnail","7":"category-sciences-et-technologies","8":"tag-archeologie","9":"tag-chercheurs","10":"tag-danemark","11":"tag-fr","12":"tag-france","13":"tag-high-tech","14":"tag-mer","15":"tag-recherches","16":"tag-science","17":"tag-science-and-technology","18":"tag-sciences","19":"tag-sciences-et-technologies","20":"tag-technologies","21":"tag-technology","22":"tag-village"},"share_on_mastodon":{"url":"https:\/\/pubeurope.com\/@fr\/115129551843697814","error":""},"_links":{"self":[{"href":"https:\/\/www.europesays.com\/fr\/wp-json\/wp\/v2\/posts\/358483","targetHints":{"allow":["GET"]}}],"collection":[{"href":"https:\/\/www.europesays.com\/fr\/wp-json\/wp\/v2\/posts"}],"about":[{"href":"https:\/\/www.europesays.com\/fr\/wp-json\/wp\/v2\/types\/post"}],"author":[{"embeddable":true,"href":"https:\/\/www.europesays.com\/fr\/wp-json\/wp\/v2\/users\/2"}],"replies":[{"embeddable":true,"href":"https:\/\/www.europesays.com\/fr\/wp-json\/wp\/v2\/comments?post=358483"}],"version-history":[{"count":0,"href":"https:\/\/www.europesays.com\/fr\/wp-json\/wp\/v2\/posts\/358483\/revisions"}],"wp:featuredmedia":[{"embeddable":true,"href":"https:\/\/www.europesays.com\/fr\/wp-json\/wp\/v2\/media\/358484"}],"wp:attachment":[{"href":"https:\/\/www.europesays.com\/fr\/wp-json\/wp\/v2\/media?parent=358483"}],"wp:term":[{"taxonomy":"category","embeddable":true,"href":"https:\/\/www.europesays.com\/fr\/wp-json\/wp\/v2\/categories?post=358483"},{"taxonomy":"post_tag","embeddable":true,"href":"https:\/\/www.europesays.com\/fr\/wp-json\/wp\/v2\/tags?post=358483"}],"curies":[{"name":"wp","href":"https:\/\/api.w.org\/{rel}","templated":true}]}}