{"id":358489,"date":"2025-09-01T14:40:10","date_gmt":"2025-09-01T14:40:10","guid":{"rendered":"https:\/\/www.europesays.com\/fr\/358489\/"},"modified":"2025-09-01T14:40:10","modified_gmt":"2025-09-01T14:40:10","slug":"du-dumping-fiscal-en-italie-pourquoi-litalienne-giorgia-meloni-tacle-francois-bayrou","status":"publish","type":"post","link":"https:\/\/www.europesays.com\/fr\/358489\/","title":{"rendered":"Du \u00ab\u00a0dumping fiscal en Italie\u00a0\u00bb\u00a0? Pourquoi l\u2019italienne Giorgia Meloni tacle Fran\u00e7ois Bayrou"},"content":{"rendered":"<p><a href=\"https:\/\/www.20minutes.fr\/politique\/francois_bayrou\/\" class=\"c-link c-link--is-underlined\" target=\"_blank\" rel=\"noopener\">Fran\u00e7ois Bayrou<\/a> a un certain don pour se faire des amis. Alors que les oppositions ont promis sa chute \u00e0 l\u2019occasion du <a href=\"https:\/\/www.20minutes.fr\/politique\/assemblee_nationale\/4169497-20250825-budget-2026-vote-confiance-8-septembre-pari-risque-bayrou\" class=\"c-link c-link--is-underlined\" target=\"_blank\" rel=\"noopener\">vote de confiance qu\u2019il a sollicit\u00e9 \u00e0 l\u2019Assembl\u00e9e nationale<\/a> et que <a href=\"https:\/\/www.20minutes.fr\/societe\/4169996-20250828-vole-personne-boomers-repondent-francois-bayrou-accuse-avoir-creuse-dette\" class=\"c-link c-link--is-underlined\" target=\"_blank\" rel=\"noopener\">les \u00ab\u00a0boomers\u00a0\u00bb sont vex\u00e9s<\/a> par sa d\u00e9claration pol\u00e9mique, le Premier ministre a aussi r\u00e9ussi \u00e0 agacer l\u2019Italie.<\/p>\n<\/p>\n<p>Dans une <a href=\"https:\/\/www.20minutes.fr\/politique\/assemblee_nationale\/4170418-20250831-budget-2026-jours-feries-antisemitisme-essentiel-interview-francois-bayrou\" class=\"c-link c-link--is-underlined\" target=\"_blank\" rel=\"noopener\">interview accord\u00e9e aux journalistes<\/a> de France Info, LCI, BFMTV et CNews ce dimanche, Bayrou a rappel\u00e9 son opposition \u00e0 la <a href=\"https:\/\/www.20minutes.fr\/economie\/4158114-20250612-taxe-zucman-illusoire-souhaitable-pose-vraies-questions-imposition-ultrariches-france\" class=\"c-link c-link--is-underlined\" target=\"_blank\" rel=\"noopener\">taxe Zucman<\/a>, d\u00e9fendue par la gauche, qui proposait une imposition minimale de 2\u00a0% pour les patrimoines d\u00e9passant les 100\u00a0millions d\u2019euros. L\u2019\u00e9dile palois alertait notamment sur le risque d\u2019exil fiscal massif. \u00ab\u00a0Les gens partent car il y a d\u00e9sormais une sorte de nomadisme fiscal\u00a0\u00bb, a-t-il expliqu\u00e9, citant des contribuables s\u2019installant \u00e0 l\u2019\u00e9tranger pour profiter des avantages. Et d\u2019ajouter, comme exemple\u00a0: \u00ab\u00a0L\u2019Italie est aujourd\u2019hui en train de faire une politique de dumping fiscal\u00a0!\u00a0\u00bb.<\/p>\n<p>\u00ab\u00a0Stup\u00e9fiantes\u00a0\u00bb<\/p>\n<p>Des propos qui ne sont pas pass\u00e9s au-del\u00e0 des Alpes. \u00ab\u00a0Les affirmations totalement infond\u00e9es du Premier ministre fran\u00e7ais Fran\u00e7ois Bayrou selon lesquelles l\u2019Italie pratiquerait un \u00ab\u00a0dumping fiscal\u00a0\u00bb p\u00e9nalisant la France sont stup\u00e9fiantes\u00a0\u00bb, a tacl\u00e9 la pr\u00e9sidente du Conseil des ministres, <a href=\"https:\/\/www.20minutes.fr\/monde\/giorgia-meloni\/\" class=\"c-link c-link--is-underlined\" target=\"_blank\" rel=\"noopener\">Giorgia Meloni<\/a>.<\/p>\n<p>\u00ab\u00a0L\u2019Italie n\u2019applique pas d\u2019incitations fiscales injustifi\u00e9es pour attirer les entreprises europ\u00e9ennes et, sous son gouvernement, a m\u00eame doubl\u00e9 le taux d\u2019imposition forfaitaire en vigueur depuis\u00a02016 pour les personnes physiques transf\u00e9rant leur r\u00e9sidence en Italie\u00a0\u00bb, s\u2019est justifi\u00e9 la cheffe du gouvernement italien, d\u00e9fendant une \u00e9conomie \u00ab\u00a0attractive et performante gr\u00e2ce \u00e0 la stabilit\u00e9 et \u00e0 la cr\u00e9dibilit\u00e9 de notre pays\u00a0\u00bb. Une allusion piquante \u00e0 <a href=\"https:\/\/www.20minutes.fr\/politique\/4169789-20250827-remplacer-francois-bayrou-apres-8-septembre-pistes-originales-dehors-habituels-favoris\" class=\"c-link c-link--is-underlined\" target=\"_blank\" rel=\"noopener\">la situation compliqu\u00e9e de son homologue.<\/a><\/p>\n<p><a href=\"https:\/\/www.20minutes.fr\/dossier\/italie\" class=\"c-link c-btn c-btn--primary\" target=\"_blank\" rel=\"noopener\">Retrouvez ici tous les articles sur l&rsquo;actualit\u00e9 en Italie<\/a><\/p>\n<p>La Premi\u00e8re ministre d\u00e9nonce au contraire les \u00ab\u00a0<a href=\"https:\/\/www.20minutes.fr\/dossier\/paradis_fiscaux\" class=\"c-link c-link--is-underlined\" target=\"_blank\" rel=\"noopener\">paradis fiscaux <\/a>europ\u00e9ens\u00a0\u00bb qui plombent les finances publiques du pays. \u00ab\u00a0Nous esp\u00e9rons qu\u2019\u00e0 la suite de ces d\u00e9clarations de son Premier ministre, la France se joindra enfin \u00e0 l\u2019Italie pour agir au sein de l\u2019<a href=\"https:\/\/www.20minutes.fr\/dossier\/ue\" class=\"c-link c-link--is-underlined\" target=\"_blank\" rel=\"noopener\">Union europ\u00e9enne <\/a>contre les \u00c9tats membres qui ont syst\u00e9matiquement pratiqu\u00e9 un dumping fiscal syst\u00e9matique, avec la complaisance de certains \u00c9tats europ\u00e9ens\u00a0\u00bb, ajoute-t-elle.<\/p>\n","protected":false},"excerpt":{"rendered":"Fran\u00e7ois Bayrou a un certain don pour se faire des amis. Alors que les oppositions ont promis sa&hellip;\n","protected":false},"author":2,"featured_media":358490,"comment_status":"","ping_status":"","sticky":false,"template":"","format":"standard","meta":{"footnotes":""},"categories":[4],"tags":[47,11,526,1011,27,431,3044,342,452,12,316,25,2549],"class_list":{"0":"post-358489","1":"post","2":"type-post","3":"status-publish","4":"format-standard","5":"has-post-thumbnail","7":"category-france","8":"tag-actualite","9":"tag-actualites","10":"tag-fiscalite","11":"tag-fr","12":"tag-france","13":"tag-francois-bayrou","14":"tag-giorgia-meloni","15":"tag-impots","16":"tag-italie","17":"tag-news","18":"tag-politique","19":"tag-republique-francaise","20":"tag-taxe"},"share_on_mastodon":{"url":"https:\/\/pubeurope.com\/@fr\/115129563423301387","error":""},"_links":{"self":[{"href":"https:\/\/www.europesays.com\/fr\/wp-json\/wp\/v2\/posts\/358489","targetHints":{"allow":["GET"]}}],"collection":[{"href":"https:\/\/www.europesays.com\/fr\/wp-json\/wp\/v2\/posts"}],"about":[{"href":"https:\/\/www.europesays.com\/fr\/wp-json\/wp\/v2\/types\/post"}],"author":[{"embeddable":true,"href":"https:\/\/www.europesays.com\/fr\/wp-json\/wp\/v2\/users\/2"}],"replies":[{"embeddable":true,"href":"https:\/\/www.europesays.com\/fr\/wp-json\/wp\/v2\/comments?post=358489"}],"version-history":[{"count":0,"href":"https:\/\/www.europesays.com\/fr\/wp-json\/wp\/v2\/posts\/358489\/revisions"}],"wp:featuredmedia":[{"embeddable":true,"href":"https:\/\/www.europesays.com\/fr\/wp-json\/wp\/v2\/media\/358490"}],"wp:attachment":[{"href":"https:\/\/www.europesays.com\/fr\/wp-json\/wp\/v2\/media?parent=358489"}],"wp:term":[{"taxonomy":"category","embeddable":true,"href":"https:\/\/www.europesays.com\/fr\/wp-json\/wp\/v2\/categories?post=358489"},{"taxonomy":"post_tag","embeddable":true,"href":"https:\/\/www.europesays.com\/fr\/wp-json\/wp\/v2\/tags?post=358489"}],"curies":[{"name":"wp","href":"https:\/\/api.w.org\/{rel}","templated":true}]}}