{"id":358493,"date":"2025-09-01T14:42:11","date_gmt":"2025-09-01T14:42:11","guid":{"rendered":"https:\/\/www.europesays.com\/fr\/358493\/"},"modified":"2025-09-01T14:42:11","modified_gmt":"2025-09-01T14:42:11","slug":"saint-etienne-ils-tentent-de-cambrioler-un-commerce-mais-sont-interpelles-par-les-policiers","status":"publish","type":"post","link":"https:\/\/www.europesays.com\/fr\/358493\/","title":{"rendered":"Saint-\u00c9tienne. Ils tentent de cambrioler un commerce mais sont interpell\u00e9s par les policiers"},"content":{"rendered":"<p>Il est environ 2 heures du matin, ce samedi 30\u00a0ao\u00fbt, quand un riverain de la place Albert-Thomas alerte les services de police nationale car il est intrigu\u00e9 par le man\u00e8ge de trois individus \u00e0 l\u2019arri\u00e8re d\u2019un magasin.<\/p>\n<p>Rapidement sur place, les fonctionnaires de la brigade de nuit reconnaissent les membres du trio, gr\u00e2ce \u00e0 la description obtenue un peu plus t\u00f4t, en train de prendre la fuite \u00e0 pied.<\/p>\n<p>Tous trois seront rapidement interpell\u00e9s alors que l\u2019un d\u2019entre eux tente de se d\u00e9barrasser d\u2019un pied-de-biche.<\/p>\n<p>  Volet arrach\u00e9 et verrous cass\u00e9s<\/p>\n<p>De retour au magasin, les agents vont d\u00e9couvrir qu\u2019un volet a \u00e9t\u00e9 arrach\u00e9 et deux verrous de la porte cass\u00e9s.<\/p>\n<p>Plac\u00e9s en garde \u00e0 vue, deux majeurs de 19 ans et un mineur de 17 ans, originaires de Saint-Etienne, ont \u00e9t\u00e9 auditionn\u00e9s par les enqu\u00eateurs.<\/p>\n<p>\u00c0 l\u2019issue, les deux majeurs se sont vus signifier une convocation devant la justice dans le cadre d\u2019une comparution sur reconnaissance pr\u00e9alable de culpabilit\u00e9 (CRPC) au cours des prochaines semaines. Quant au mineur, il fera l\u2019objet d\u2019une composition p\u00e9nale.<\/p>\n","protected":false},"excerpt":{"rendered":"Il est environ 2 heures du matin, ce samedi 30\u00a0ao\u00fbt, quand un riverain de la place Albert-Thomas alerte&hellip;\n","protected":false},"author":2,"featured_media":358494,"comment_status":"","ping_status":"","sticky":false,"template":"","format":"standard","meta":{"footnotes":""},"categories":[9653],"tags":[1111,11,2430,271,272,7539,1777,674,274,1011,27,3367,12,25,4001,7538,104],"class_list":{"0":"post-358493","1":"post","2":"type-post","3":"status-publish","4":"format-standard","5":"has-post-thumbnail","7":"category-saint-etienne","8":"tag-actu","9":"tag-actualites","10":"tag-auvergne-rhone-alpes","11":"tag-crime","12":"tag-delit-et-contravention","13":"tag-edition-loire-sud","14":"tag-eu","15":"tag-europe","16":"tag-faits-divers-justice","17":"tag-fr","18":"tag-france","19":"tag-loire","20":"tag-news","21":"tag-republique-francaise","22":"tag-saint-etienne","23":"tag-saint-etienne-ville","24":"tag-societe"},"share_on_mastodon":{"url":"https:\/\/pubeurope.com\/@fr\/115129571335383889","error":""},"_links":{"self":[{"href":"https:\/\/www.europesays.com\/fr\/wp-json\/wp\/v2\/posts\/358493","targetHints":{"allow":["GET"]}}],"collection":[{"href":"https:\/\/www.europesays.com\/fr\/wp-json\/wp\/v2\/posts"}],"about":[{"href":"https:\/\/www.europesays.com\/fr\/wp-json\/wp\/v2\/types\/post"}],"author":[{"embeddable":true,"href":"https:\/\/www.europesays.com\/fr\/wp-json\/wp\/v2\/users\/2"}],"replies":[{"embeddable":true,"href":"https:\/\/www.europesays.com\/fr\/wp-json\/wp\/v2\/comments?post=358493"}],"version-history":[{"count":0,"href":"https:\/\/www.europesays.com\/fr\/wp-json\/wp\/v2\/posts\/358493\/revisions"}],"wp:featuredmedia":[{"embeddable":true,"href":"https:\/\/www.europesays.com\/fr\/wp-json\/wp\/v2\/media\/358494"}],"wp:attachment":[{"href":"https:\/\/www.europesays.com\/fr\/wp-json\/wp\/v2\/media?parent=358493"}],"wp:term":[{"taxonomy":"category","embeddable":true,"href":"https:\/\/www.europesays.com\/fr\/wp-json\/wp\/v2\/categories?post=358493"},{"taxonomy":"post_tag","embeddable":true,"href":"https:\/\/www.europesays.com\/fr\/wp-json\/wp\/v2\/tags?post=358493"}],"curies":[{"name":"wp","href":"https:\/\/api.w.org\/{rel}","templated":true}]}}