{"id":358501,"date":"2025-09-01T14:46:11","date_gmt":"2025-09-01T14:46:11","guid":{"rendered":"https:\/\/www.europesays.com\/fr\/358501\/"},"modified":"2025-09-01T14:46:11","modified_gmt":"2025-09-01T14:46:11","slug":"le-beausset-perd-une-figure-engagee-alain-barillet-nous-a-quittes-a-lage-de-81-ans","status":"publish","type":"post","link":"https:\/\/www.europesays.com\/fr\/358501\/","title":{"rendered":"Le Beausset perd une figure engag\u00e9e: Alain Barillet nous a quitt\u00e9s \u00e0 l&rsquo;\u00e2ge de 81 ans"},"content":{"rendered":"<p>Connu pour son engagement sans faille aupr\u00e8s de la paroisse et de l\u2019association Les Amis du Beausset-Vieux dont il assurait la vice-pr\u00e9sidence depuis plusieurs ann\u00e9es, Alain Barillet s\u2019est \u00e9teint, vendredi 29 ao\u00fbt, des suites d\u2019une longue maladie \u00e0 l\u2019Institut Paoli-Calmette de Marseille. Il allait avoir 82 ans ce 25 septembre.<\/p>\n<p>Personnage ouvert et attachant, discret et int\u00e8gre, toujours pr\u00eat \u00e0 rendre service, cet ing\u00e9nieur \u00e9lectronicien en retraite (ancien de Matra) appartenait aussi en tant qu\u2019ancien d\u2019AFN, \u00e0 l\u2019association des anciens combattants de l\u2019UFAC, ainsi qu\u2019au comit\u00e9 local du Souvenir Fran\u00e7ais.<\/p>\n<p>Tr\u00e8s impliqu\u00e9 dans les milieux culturels et associatifs il tenait permanence au sanctuaire du Beausset vieux chaque mercredi depuis 15 ans et fut l\u2019initiateur, notamment, avec son \u00e9pouse Huguette, de l\u2019exposition annuelle Les Cr\u00e8ches du Monde dispos\u00e9e au premier \u00e9tage de la chapelle.<\/p>\n<p>Sa disparition laisse un grand vide au sein de la paroisse et du village. Ses obs\u00e8ques ont lieu ce mercredi 3 septembre \u00e0 15h30 en l\u2019\u00e9glise Notre-Dame- de-l\u2019Assomption suivies d\u2019une inhumation au cimeti\u00e8re communal.<\/p>\n<p>\u00c0 son \u00e9pouse Huguette, \u00e0 son fils Arnaud, \u00e0 ses jumelles Faustine et Servanne (il avait perdu son fils Jauffray il y a deux ans), \u00e0 ses proches et amis, Var-matin pr\u00e9sente ses condol\u00e9ances.<\/p>\n","protected":false},"excerpt":{"rendered":"Connu pour son engagement sans faille aupr\u00e8s de la paroisse et de l\u2019association Les Amis du Beausset-Vieux dont&hellip;\n","protected":false},"author":2,"featured_media":358502,"comment_status":"","ping_status":"","sticky":false,"template":"","format":"standard","meta":{"footnotes":""},"categories":[9619],"tags":[1111,11,1777,674,1011,27,12,882,25,2310,3366],"class_list":{"0":"post-358501","1":"post","2":"type-post","3":"status-publish","4":"format-standard","5":"has-post-thumbnail","7":"category-toulon","8":"tag-actu","9":"tag-actualites","10":"tag-eu","11":"tag-europe","12":"tag-fr","13":"tag-france","14":"tag-news","15":"tag-provence-alpes-cote-dazur","16":"tag-republique-francaise","17":"tag-toulon","18":"tag-vie-locale"},"share_on_mastodon":{"url":"https:\/\/pubeurope.com\/@fr\/115129587183016118","error":""},"_links":{"self":[{"href":"https:\/\/www.europesays.com\/fr\/wp-json\/wp\/v2\/posts\/358501","targetHints":{"allow":["GET"]}}],"collection":[{"href":"https:\/\/www.europesays.com\/fr\/wp-json\/wp\/v2\/posts"}],"about":[{"href":"https:\/\/www.europesays.com\/fr\/wp-json\/wp\/v2\/types\/post"}],"author":[{"embeddable":true,"href":"https:\/\/www.europesays.com\/fr\/wp-json\/wp\/v2\/users\/2"}],"replies":[{"embeddable":true,"href":"https:\/\/www.europesays.com\/fr\/wp-json\/wp\/v2\/comments?post=358501"}],"version-history":[{"count":0,"href":"https:\/\/www.europesays.com\/fr\/wp-json\/wp\/v2\/posts\/358501\/revisions"}],"wp:featuredmedia":[{"embeddable":true,"href":"https:\/\/www.europesays.com\/fr\/wp-json\/wp\/v2\/media\/358502"}],"wp:attachment":[{"href":"https:\/\/www.europesays.com\/fr\/wp-json\/wp\/v2\/media?parent=358501"}],"wp:term":[{"taxonomy":"category","embeddable":true,"href":"https:\/\/www.europesays.com\/fr\/wp-json\/wp\/v2\/categories?post=358501"},{"taxonomy":"post_tag","embeddable":true,"href":"https:\/\/www.europesays.com\/fr\/wp-json\/wp\/v2\/tags?post=358501"}],"curies":[{"name":"wp","href":"https:\/\/api.w.org\/{rel}","templated":true}]}}