{"id":358504,"date":"2025-09-01T14:48:10","date_gmt":"2025-09-01T14:48:10","guid":{"rendered":"https:\/\/www.europesays.com\/fr\/358504\/"},"modified":"2025-09-01T14:48:10","modified_gmt":"2025-09-01T14:48:10","slug":"mercedes-cle-300e-hybrid-eq-le-coupe-chic-et-choc","status":"publish","type":"post","link":"https:\/\/www.europesays.com\/fr\/358504\/","title":{"rendered":"Mercedes CLE 300e Hybrid EQ, le coup\u00e9 chic et choc"},"content":{"rendered":"<p>            Par<br \/>\n        <strong><br \/>\n            <a href=\"https:\/\/actu.fr\/auteur\/g-martin\" title=\"Consulter tous les articles de Gil Martin\" rel=\"nofollow noopener\" target=\"_blank\">Gil Martin<\/a><br \/>\n        <\/strong><\/p>\n<p>        Publi\u00e9 le<\/p>\n<p>            1 sept. 2025 \u00e0 16h24        <\/p>\n<p>Le <strong>Mercedes CLE<\/strong> pourrait incarner l\u2019audace\u00a0: celle du constructeur allemand qui ose lancer sur le march\u00e9 fran\u00e7ais un authentique coup\u00e9, le seul proposant quatre places dans un mod\u00e8le hybride rechargeable. Certes, cette raret\u00e9 \u00e0 un prix, pas vraiment donn\u00e9, mais le coup\u00e9 se r\u00e9v\u00e8le particuli\u00e8rement efficace avec des performances premium dans tous les domaines : qualit\u00e9s routi\u00e8res, puissance, autonomie.<\/p>\n<p class=\" wall-content\">\u2014\u2014\u2014-Mettre le lien\u2014\u2014\u2014<\/p>\n<p>Exit les coup\u00e9s C et E<\/p>\n<p class=\" wall-content\">Pour cela, Mercedes a opt\u00e9 pour une motorisation puissante : cet hybride rechargeable est dot\u00e9 d\u2019un robuste moteur quatre-cylindres turbo essence \u00e0 injection directe de 204 ch coupl\u00e9 \u00e0 un moteur \u00e9lectrique de 129 ch pour une puissance totale de 313 ch et 550 Nm. Avec ses 4,85 m de long et sa longue silhouette \u00e9l\u00e9gante, le coup\u00e9 Mercedes CLE se positionne ainsi \u00e0 mi-chemin entre les anciens coup\u00e9s de la Classe C et et de la classe E qu\u2019il est charg\u00e9 de remplacer.<\/p>\n<p>V\u00e9locit\u00e9 et autonomie<\/p>\n<p class=\" wall-content\">Une mission que le CLE 300e Hybrid EQ rel\u00e8ve en douceur : la voiture n\u2019est pas une pure sportive, mais ses performances sont tr\u00e8s honorables pour assurer l\u2019essentiel. Le coup\u00e9 atteint les 236 km\/h en pointe et peut franchir le 0 \u00e0 100km\/h en 6,3 secondes. Pas mal pour un \u00ab coup\u00e9 bourgeois \u00bb, d\u2019autant plus que le CLE est capable de parcourir pr\u00e8s de 100 km en ville, et m\u00eame 80km sur autoroute en autonomie \u00e9lectrique, ce qui lui permet de s\u2019imposer comme des hybrides rechargeables les plus efficients du march\u00e9.<\/p>\n<p>    <img   decoding=\"async\" loading=\"lazy\" src=\"https:\/\/www.europesays.com\/fr\/wp-content\/uploads\/2025\/09\/photo-mercedes-cle-coupe-hayon-960x640.jpg\" alt=\"Le CLE 300e est capable de parcourir pr\u00e8s de 90 km en ville, et m\u00eame 80 km sur autoroute en autonomie \u00e9lectrique\" width=\"960\" height=\"640\"\/><br \/>\n    Le CLE 300e est capable de parcourir plus de 90 km en ville, et m\u00eame 80 km sur autoroute en autonomie \u00e9lectrique (\u00a9Mercedes)<\/p>\n<blockquote class=\"ac-article-quote wall-content\">\n<p>C\u00f4t\u00e9 comportement, le coup\u00e9 surprend par sa tonicit\u00e9 et sa tenue de route. La voiture est tr\u00e8s agr\u00e9able \u00e0 conduire et s\u2019exprime bien dans les routes sinueuses<\/p>\n<p>    <strong\/>\n            <\/p><\/blockquote>\n<p>Vid\u00e9os : en ce moment sur Actu<\/p>\n<p class=\" wall-content\">Enfin, le coup\u00e9 Mercedes se r\u00e9v\u00e8le assez sobre en essence. Quand la batterie est vide, la consommation peut ais\u00e9ment se contenir atour des 8 l\/100 km\u2026 Cau passage, notons que ces performances permettent au coup\u00e9 d\u2019\u00e9chapper au malus, ce qui n\u2019est pas du luxe avec un tarif de base annonc\u00e9 \u00e0 72 950 \u20ac. Pour ce prix, pr\u00e9cisions que l\u2019hybride peut se brancher sur des bornes haut-d\u00e9bit, la grosse batterie lithium-ion de 25,4 kWh supportant des charges de de 11kW. \u00a0<\/p>\n<p>    <a href=\"https:\/\/www.google.com\/maps\/embed?pb=!1m18!1m12!1m3!1d92442.71762947095!2d3.791768218162807!3d43.60997855812626!2m3!1f0!2f0!3f0!3m2!1i1024!2i768!4f13.1!3m3!1m2!1s0x12b6af0725dd9db1%3A0xad8756742894e802!2sMontpellier!5e0!3m2!1sfr!2sfr!4v1754009570241!5m2!1sfr!2sfr\" title=\"Ouvrie le lien\" rel=\"nofollow noopener\" target=\"_blank\">Cliquez ici pour visualiser le contenu<\/a><\/p>\n<p>Votre r\u00e9gion, votre actu !<\/p>\n<p>Recevez chaque jour les infos qui comptent pour vous.<\/p>\n<p>\t<a href=\"https:\/\/actu.fr\/newsletter\" class=\"ac-btn ac-btn--corner ac-btn--medium ac-btn--blue800\" rel=\"nofollow noopener\" target=\"_blank\">S&rsquo;incrire<\/a><br \/>\nUne super bo\u00eete tr\u00e8s r\u00e9active<\/p>\n<p class=\" wall-content\">C\u00f4t\u00e9 comportement, le coup\u00e9 surprend par sa tonicit\u00e9 et sa tenue de route. La voiture est tr\u00e8s agr\u00e9able \u00e0 conduire et s\u2019exprime bien dans les routes sinueuses gr\u00e2ce notamment \u00e0 des reprises \u00e9clairs grandement am\u00e9lior\u00e9es par la souplesse et la r\u00e9activit\u00e9 de la bo\u00eete automatique neuf rapports. Il faut quand m\u00eame faire attention\u00a0: avec un poids tr\u00e8s \u00e9lev\u00e9, 2110 kg sur la balance, il ne fait pas bon partir \u00e0 la faute avec le CLE 300e Hybrid EQ.<\/p>\n<p>    <img   decoding=\"async\" loading=\"lazy\" src=\"https:\/\/www.europesays.com\/fr\/wp-content\/uploads\/2025\/09\/photo-mercedes-cle-coupe-planche-960x640.jpg\" alt=\"Le coup\u00e9 se r\u00e9v\u00e8le tr\u00e8s agr\u00e9able \u00e0 conduire et brille sur les routes sinueuses gr\u00e2ce notamment \u00e0 des reprises \u00e9clairs optimis\u00e9es par la r\u00e9activit\u00e9 de la bo\u00eete auto neuf rapports\" width=\"960\" height=\"640\"\/><br \/>\n    Le coup\u00e9 se r\u00e9v\u00e8le tr\u00e8s agr\u00e9able \u00e0 conduire et brille sur les routes sinueuses gr\u00e2ce \u00e0 des reprises \u00e9clairs optimis\u00e9es par la r\u00e9activit\u00e9 de la bo\u00eete auto neuf rapports (\u00a9Mercedes)<\/p>\n<p class=\" wall-content\">Mais au final, ce coup\u00e9 hybride s\u2019affirme comme un tr\u00e8s bon compromis entre \u00e9l\u00e9gance, v\u00e9locit\u00e9, tenue de route et confort. De quoi satisfaire les amateurs de conduite \u00e0 la recherche d\u2019une voiture originale taill\u00e9e aussi bien pour la ville que pour les grandes excursions.<\/p>\n<p>Mercedes CLE 300e Hybrid EQ : les performances<\/p>\n<p>Poids\u00a0: 2110 kg<br \/>Dimensions\u00a0: Longueur 4,85 m et Hauteur 1,422 m<br \/>Moteur\u00a0: 4 cylindres turbo essence \u00e0 injection directe (204 ch)<br \/>Moteur \u00e9lectrique\u00a0(129 ch)<br \/>Puissance\u00a0cumul\u00e9e : 313 ch et 550 Nm<br \/>Vitesse max\u00a0: 236 km\/h<br \/>De 0 \u00e0 100 km\/h\u00a0: 6,3 secondes<br \/>Autonomie\u00a0: + de 80 km<br \/>Conso Moyenne\u00a0: 8,2 l\/100km<br \/>\u00c9mission de CO2\u00a0: 12 g\/Km A<br \/>Malus \u00e9cologique\u00a00 \u20ac et malus poids\u00a05020 \u20ac<br \/>Tarif\u00a0: \u00e0 partir de 72 950 \u20ac<\/p>\n<p class=\" wall-content\">.<\/p>\n<p class=\" wall-content\">Personnalisez votre actualit\u00e9 en ajoutant vos villes et m\u00e9dias en favori avec <a href=\"https:\/\/moncompte.actu.fr\" title=\"D\u00e9couvez Mon Actu\" rel=\"nofollow noopener\" data-trk=\"{&quot;cta&quot;:{&quot;action&quot;:&quot;https:\\\/\\\/moncompte.actu.fr&quot;,&quot;category&quot;:&quot;mon compte&quot;,&quot;from&quot;:&quot;article footer&quot;,&quot;name&quot;:&quot;Mon actu&quot;,&quot;type&quot;:&quot;cta&quot;}}\" target=\"_blank\">Mon Actu<\/a>.<\/p>\n","protected":false},"excerpt":{"rendered":"Par Gil Martin Publi\u00e9 le 1 sept. 2025 \u00e0 16h24 Le Mercedes CLE pourrait incarner l\u2019audace\u00a0: celle du&hellip;\n","protected":false},"author":2,"featured_media":358505,"comment_status":"","ping_status":"","sticky":false,"template":"","format":"standard","meta":{"footnotes":""},"categories":[9599],"tags":[1111,11,646,1777,674,1011,27,1305,2208,12,2680,25],"class_list":{"0":"post-358504","1":"post","2":"type-post","3":"status-publish","4":"format-standard","5":"has-post-thumbnail","7":"category-montpellier","8":"tag-actu","9":"tag-actualites","10":"tag-automobile","11":"tag-eu","12":"tag-europe","13":"tag-fr","14":"tag-france","15":"tag-lifestyle","16":"tag-montpellier","17":"tag-news","18":"tag-occitanie","19":"tag-republique-francaise"},"share_on_mastodon":{"url":"https:\/\/pubeurope.com\/@fr\/115129595085385878","error":""},"_links":{"self":[{"href":"https:\/\/www.europesays.com\/fr\/wp-json\/wp\/v2\/posts\/358504","targetHints":{"allow":["GET"]}}],"collection":[{"href":"https:\/\/www.europesays.com\/fr\/wp-json\/wp\/v2\/posts"}],"about":[{"href":"https:\/\/www.europesays.com\/fr\/wp-json\/wp\/v2\/types\/post"}],"author":[{"embeddable":true,"href":"https:\/\/www.europesays.com\/fr\/wp-json\/wp\/v2\/users\/2"}],"replies":[{"embeddable":true,"href":"https:\/\/www.europesays.com\/fr\/wp-json\/wp\/v2\/comments?post=358504"}],"version-history":[{"count":0,"href":"https:\/\/www.europesays.com\/fr\/wp-json\/wp\/v2\/posts\/358504\/revisions"}],"wp:featuredmedia":[{"embeddable":true,"href":"https:\/\/www.europesays.com\/fr\/wp-json\/wp\/v2\/media\/358505"}],"wp:attachment":[{"href":"https:\/\/www.europesays.com\/fr\/wp-json\/wp\/v2\/media?parent=358504"}],"wp:term":[{"taxonomy":"category","embeddable":true,"href":"https:\/\/www.europesays.com\/fr\/wp-json\/wp\/v2\/categories?post=358504"},{"taxonomy":"post_tag","embeddable":true,"href":"https:\/\/www.europesays.com\/fr\/wp-json\/wp\/v2\/tags?post=358504"}],"curies":[{"name":"wp","href":"https:\/\/api.w.org\/{rel}","templated":true}]}}