{"id":358506,"date":"2025-09-01T14:49:21","date_gmt":"2025-09-01T14:49:21","guid":{"rendered":"https:\/\/www.europesays.com\/fr\/358506\/"},"modified":"2025-09-01T14:49:21","modified_gmt":"2025-09-01T14:49:21","slug":"ligue-2-un-defenseur-experimente-passe-par-montpellier-rejoint-le-gf38","status":"publish","type":"post","link":"https:\/\/www.europesays.com\/fr\/358506\/","title":{"rendered":"Ligue 2. Un d\u00e9fenseur exp\u00e9riment\u00e9 pass\u00e9 par Montpellier rejoint le GF38"},"content":{"rendered":"<p>C\u2019est le dernier jour du mercato estival 2025 et \u00e7a s\u2019agite forc\u00e9ment dans les clubs de Ligue 1 et Ligue 2. \u00c0 Grenoble, au pied des montagnes, <a href=\"https:\/\/www.ledauphine.com\/sport\/2025\/08\/29\/gf38-une-premiere-pour-une-recrue-un-mercato-pas-termine-les-dernieres-infos-avant-le-choc-contre-l-asse\" target=\"_blank\" title=\"foot L2 ASSE - GF38 sortie de conf\" rel=\"noopener\">on attendait plut\u00f4t l\u2019arriv\u00e9e de nouveaux \u00e9l\u00e9ments dans le secteur offensif<\/a>. Mais c\u2019est de la d\u00e9fense qu\u2019est venue la nouveaut\u00e9.<\/p>\n<p>Cl\u00e9ment Vidal (25 ans depuis le mois de juin) s\u2019est engag\u00e9 ce lundi en milieu d\u2019apr\u00e8s-midi avec le club is\u00e9rois. Qui recherchait un profil \u201cd\u00e9fenseur central droitier\u201d, alors qu\u2019il a ouvert la porte \u00e0 un d\u00e9part d\u2019Allan Tchaptchet.<\/p>\n<p>Ce contenu est bloqu\u00e9 car vous n&rsquo;avez pas accept\u00e9 les cookies et autres traceurs.<\/p>\n<p>En cliquant sur \u00ab J\u2019accepte \u00bb, les cookies et autres traceurs seront d\u00e9pos\u00e9s et vous pourrez visualiser les contenus  (<a href=\"\" class=\"consentModule_policy\" target=\"_blank\" title=\"Consulter la politique de protection des donn\u00e9es du fournisseur\">plus d&rsquo;informations<\/a>).<\/p>\n<p>En cliquant sur \u00ab J\u2019accepte tous les cookies \u00bb, vous autorisez des d\u00e9p\u00f4ts de cookies et autres traceurs pour le stockage de vos donn\u00e9es sur nos sites et applications \u00e0 des fins de personnalisation et de ciblage publicitaire.<\/p>\n<p class=\"consentModule_secondaryText\">Vous gardez la possibilit\u00e9 de retirer votre consentement \u00e0 tout moment en consultant notre <a href=\"https:\/\/www.ledauphine.com\/protection-des-donnees\" target=\"_blank\" title=\"Consulter notre politique de protection des donn\u00e9es\" rel=\"noopener\">politique de protection des donn\u00e9es<\/a>. <br \/>&#13;<br \/>\n            <a href=\"https:\/\/www.ledauphine.com\/sport\/2025\/09\/01\/javascript:Didomi.notice.show()\" class=\"consentModule_cmp\" target=\"_blank\" rel=\"noopener\">G\u00e9rer mes choix<\/a>&#13;\n        <\/p>\n<p>&#13;<br \/>\n                        J&rsquo;accepte&#13;<br \/>\n            J&rsquo;accepte tous les cookies&#13;\n        <\/p>\n<p>Vidal \u2013 n\u00e9 \u00e0 Montpellier mais qui a grandi \u00e0 Pujaut (Gard), non loin du Vaucluse \u2013 a d\u00e9j\u00e0 connu la Ligue 2 et la Ligue 1 depuis le d\u00e9but de sa carri\u00e8re. Int\u00e9gr\u00e9 \u00e0 l\u2019effectif professionnel du Montpellier HSC, son club formateur, il avait d\u00e9j\u00e0 disput\u00e9 trois matchs dans l\u2019\u00e9lite entre\u00a02019 et\u00a02021.<\/p>\n<p>  Une belle aventure \u00e0 Ajaccio, qui se finit mal<\/p>\n<p>Mais c\u2019est v\u00e9ritablement \u00e0 l\u2019AC Ajaccio que sa carri\u00e8re a d\u00e9coll\u00e9 entre\u00a02021 et\u00a02025. Son compteur personnel affiche 83 matchs de Ligue 2 et 26 autres de Ligue 1, quand l\u2019ACA avait fait un bref passage dans l\u2019\u00e9lite (2022-2023).<\/p>\n<p>Cet \u00e9t\u00e9, les choses ont tourn\u00e9 bien plus mal pour le club ajaccien, qui a d\u00e9pos\u00e9 le bilan et quitt\u00e9 le monde professionnel. Ainsi, Vidal \u00e9tait libre de tout engagement.<\/p>\n<p>Le d\u00e9fenseur central de 1,81\u00a0m rejoint <a href=\"https:\/\/www.ledauphine.com\/sport\/2025\/08\/31\/on-doit-faire-mieux-dans-le-jeu-malgre-le-nul-a-saint-etienne-le-gf38-a-encore-du-pain-sur-la-planche\" target=\"_blank\" title=\"foot L2 ASSE GF38 rebond\" rel=\"noopener\">un GF38 16e de Ligue 2 apr\u00e8s quatre journ\u00e9es, juste avant la premi\u00e8re tr\u00eave internationale<\/a> de la saison 2025-2026.<\/p>\n<p>Le mercato se termine ce lundi 1er\u00a0septembre \u00e0 20 heures et d\u2019autres mouvements, dans le sens des arriv\u00e9es comme des d\u00e9parts, devraient intervenir au GF38.<\/p>\n","protected":false},"excerpt":{"rendered":"C\u2019est le dernier jour du mercato estival 2025 et \u00e7a s\u2019agite forc\u00e9ment dans les clubs de Ligue 1&hellip;\n","protected":false},"author":2,"featured_media":358507,"comment_status":"","ping_status":"","sticky":false,"template":"","format":"standard","meta":{"footnotes":""},"categories":[9599],"tags":[1111,11,112,1777,674,63,1011,27,2679,12637,2731,2732,108,12636,23100,2208,12,2680,25,517,4520],"class_list":{"0":"post-358506","1":"post","2":"type-post","3":"status-publish","4":"format-standard","5":"has-post-thumbnail","7":"category-montpellier","8":"tag-actu","9":"tag-actualites","10":"tag-edition-grenoble-agglomeration","11":"tag-eu","12":"tag-europe","13":"tag-football","14":"tag-fr","15":"tag-france","16":"tag-gard","17":"tag-gf38-grenoble-foot-38","18":"tag-grenoble","19":"tag-grenoble-bassin","20":"tag-isere","21":"tag-ligue-2-football","22":"tag-mercato-football","23":"tag-montpellier","24":"tag-news","25":"tag-occitanie","26":"tag-republique-francaise","27":"tag-sport","28":"tag-vaucluse"},"share_on_mastodon":{"url":"https:\/\/pubeurope.com\/@fr\/115129598823600897","error":""},"_links":{"self":[{"href":"https:\/\/www.europesays.com\/fr\/wp-json\/wp\/v2\/posts\/358506","targetHints":{"allow":["GET"]}}],"collection":[{"href":"https:\/\/www.europesays.com\/fr\/wp-json\/wp\/v2\/posts"}],"about":[{"href":"https:\/\/www.europesays.com\/fr\/wp-json\/wp\/v2\/types\/post"}],"author":[{"embeddable":true,"href":"https:\/\/www.europesays.com\/fr\/wp-json\/wp\/v2\/users\/2"}],"replies":[{"embeddable":true,"href":"https:\/\/www.europesays.com\/fr\/wp-json\/wp\/v2\/comments?post=358506"}],"version-history":[{"count":0,"href":"https:\/\/www.europesays.com\/fr\/wp-json\/wp\/v2\/posts\/358506\/revisions"}],"wp:featuredmedia":[{"embeddable":true,"href":"https:\/\/www.europesays.com\/fr\/wp-json\/wp\/v2\/media\/358507"}],"wp:attachment":[{"href":"https:\/\/www.europesays.com\/fr\/wp-json\/wp\/v2\/media?parent=358506"}],"wp:term":[{"taxonomy":"category","embeddable":true,"href":"https:\/\/www.europesays.com\/fr\/wp-json\/wp\/v2\/categories?post=358506"},{"taxonomy":"post_tag","embeddable":true,"href":"https:\/\/www.europesays.com\/fr\/wp-json\/wp\/v2\/tags?post=358506"}],"curies":[{"name":"wp","href":"https:\/\/api.w.org\/{rel}","templated":true}]}}