{"id":358508,"date":"2025-09-01T14:52:31","date_gmt":"2025-09-01T14:52:31","guid":{"rendered":"https:\/\/www.europesays.com\/fr\/358508\/"},"modified":"2025-09-01T14:52:31","modified_gmt":"2025-09-01T14:52:31","slug":"apres-quatre-participations-je-commence-a-connaitre-les-enjeux-de-la-course-mais-tout-peut-arriver","status":"publish","type":"post","link":"https:\/\/www.europesays.com\/fr\/358508\/","title":{"rendered":"Apr\u00e8s quatre participations, je commence \u00e0 conna\u00eetre les enjeux de la course. Mais tout peut arriver"},"content":{"rendered":"<p class=\"article__intro\">A 28 ans, Charlotte Yven est l&rsquo;une des huit femmes qui prendra le d\u00e9part de la Solitaire du Figaro Paprec dimanche 7 septembre 2025. Amarr\u00e9e au village d\u00e9part \u00e0 Rouen, elle fait d\u00e9couvrir l&rsquo;univers de la voile aux visiteurs.<\/p>\n<p>\n      L\u2019actu des r\u00e9gions\n    <\/p>\n<p>\n      Chaque jour, un tour d\u2019horizon des principales infos de toutes les r\u00e9gions.\n    <\/p>\n<p>    France T\u00e9l\u00e9visions utilise votre adresse e-mail afin de vous envoyer la newsletter \u00ab\u00a0L\u2019actu des r\u00e9gions\u00a0\u00bb. Vous pouvez vous d\u00e9sinscrire \u00e0 tout moment via le lien en bas de cette newsletter. <a target=\"_blank\" href=\"https:\/\/www.francetelevisions.fr\/groupe\/confidentialite\/politique-de-confidentialite\/politique-de-confidentialite-de-france-televisions-6503\" rel=\"nofollow noopener\">Notre politique de confidentialit\u00e9<\/a><\/p>\n<p>Comme les 34 autres skippers, <a href=\"https:\/\/www.lasolitaire.com\/skippers\/charlotte-yven\" target=\"_blank\" rel=\"noopener noreferrer nofollow\" data-tooltip-url=\"https:\/\/www.lasolitaire.com\/skippers\/charlotte-yven\">Charlotte Yven<\/a> a fait son entr\u00e9e dans le port de Rouen ce samedi 30 ao\u00fbt 2025, dans la soir\u00e9e, <a href=\"https:\/\/france3-regions.franceinfo.fr\/normandie\/seine-maritime\/havre\/video-solitaire-du-figaro-paprec-on-a-embarque-avec-le-skipper-originaire-de-dieppe-yvon-larnicol-pour-remonter-la-seine-jusqu-a-rouen-3208757.html\" target=\"_blank\" rel=\"noopener noreferrer nofollow\" data-tooltip-url=\"https:\/\/france3-regions.franceinfo.fr\/normandie\/seine-maritime\/havre\/video-solitaire-du-figaro-paprec-on-a-embarque-avec-le-skipper-originaire-de-dieppe-yvon-larnicol-pour-remonter-la-seine-jusqu-a-rouen-3208757.html\">apr\u00e8s avoir remont\u00e9 la Seine depuis le Havre.<\/a><\/p>\n<p><a href=\"https:\/\/france3-regions.franceinfo.fr\/normandie\/seine-maritime\/rouen\/solitaire-du-figaro-paprec-premiere-journee-a-rouen-pour-les-skippers-3208976.html\" target=\"_blank\" rel=\"noopener noreferrer nofollow\" data-tooltip-url=\"https:\/\/france3-regions.franceinfo.fr\/normandie\/seine-maritime\/rouen\/solitaire-du-figaro-paprec-premiere-journee-a-rouen-pour-les-skippers-3208976.html\">Une ville qu&rsquo;elle retrouve avec plaisir.<\/a> \u00ab\u00a0Je suis contente de revenir ici\u00a0\u00bb explique la navigatrice, originaire de Morlaix (Finist\u00e8re), \u00ab\u00a0j&rsquo;\u00e9tais d\u00e9j\u00e0 l\u00e0 l&rsquo;an pass\u00e9 et nous avions tous pass\u00e9s une superbe semaine. Rouen est tr\u00e8s accueillante car lorsque nous sommes amarr\u00e9s, nous sommes \u00e0 deux pas de la ville. Il y a toujours beaucoup de monde sur les quais.\u00a0\u00bb<\/p>\n<p>En plein coeur du village d\u00e9part, Charlotte Yven compte bien mettre \u00e0 profit sa semaine \u00e0 Rouen. \u00ab\u00a0Ces quelques jours nous permettent de nous plonger dans les derniers pr\u00e9paratifs et dans notre bulle avant le d\u00e9part. J&rsquo;ai la chance d&rsquo;avoir un pr\u00e9parateur qui va faire les derni\u00e8res v\u00e9rifications techniques, s&rsquo;assurer que tout fonctionne \u00e0 bord et peut-\u00eatre changer les derni\u00e8res pi\u00e8ces qui feraient d\u00e9faut. De mon c\u00f4t\u00e9, je vais faire du sport, pr\u00e9parer la m\u00e9t\u00e9o de mes diff\u00e9rentes \u00e9tapes, faire les courses d&rsquo;avitaillement, me reposer et aussi profiter du village pour \u00e9changer avec le public.\u00a0\u00bb<\/p>\n<p><a data-article-figure=\"\" href=\"https:\/\/france3-regions.franceinfo.fr\/image\/fOCflWKN-skU3vS7LKCDreei1ak\/1920x1080\/regions\/2025\/08\/31\/voiliers-68b4502e7ae7f060593796.jpg\" data-pswp-width=\"1920\" data-pswp-height=\"1080\" target=\"_blank\" rel=\"nofollow noopener\"><\/p>\n<p>          <img width=\"600\" height=\"400\" class=\"article-image lazy\" data-src=\"https:\/\/www.europesays.com\/fr\/wp-content\/uploads\/2025\/09\/voiliers-68b4502e7ae7f060593796.jpg\" alt=\"Les 35 voiliers amarr\u00e9s le long des quais de Rouen au pied du village d\u00e9part de la Solitaire du Figaro Paprec\" fetchpriority=\"high\" as=\"image\"\/><\/p>\n<p>\n            Les 35 voiliers amarr\u00e9s le long des quais de Rouen au pied du village d\u00e9part de la Solitaire du Figaro Paprec<br \/>\n                           \u2022<br \/>\n                                      \u00a9 FTV\n                      <\/p>\n<p><\/a><\/p>\n<p>Et les premi\u00e8res visites n&rsquo;ont pas tard\u00e9 ce dimanche 31 ao\u00fbt 2025. Astrid et Jean-Charles, deux rouennais, sont venus en famille avec leur fils Apollin. Une sortie pour d\u00e9couvrir l&rsquo;univers de la voile dont ils ignorent tout. En compagnie de Charlotte Yven, ils visitent le monocoque.<\/p>\n<p>En descendant les quelques petites marches qui m\u00e8nent \u00e0 l&rsquo;unique cabine du monocoque, la skippeuse leur d\u00e9crit les lieux exigus: \u00ab\u00a0l\u00e0, vous pouvez voir des banettes. Mais elles ne nous servent pas \u00e0 dormir. Nous y stockons nos sacs d&rsquo;\u00e9quipements, de nourriture, nos v\u00eatements. Tout ce qui est dans le bateau doit pouvoir \u00eatre d\u00e9plac\u00e9 pour optimiser le poids en fonction des conditions m\u00e9t\u00e9o et de la mer pour \u00eatre le plus performant.\u00a0\u00bb<\/p>\n<p>Devant l&rsquo;\u00e9cran d&rsquo;ordinateur qui tr\u00f4ne au centre de la cabine : \u00ab\u00a0Nous avons ici des outils de navigation avec nos cartes et la position de chaque skipper dans la course. Pour le reste, le r\u00e9chaud pour pr\u00e9parer la nourriture est sur cardan pour rester droit au fil des vagues et les toilettes, ce sont ces seaux en plastique. Derri\u00e8re, l\u00e0-bas, j&rsquo;ai un matelas en mousse que je peux mettre l\u00e0 o\u00f9 c&rsquo;est le plus int\u00e9ressant en termes de poids pour faire ma sieste\u00a0\u00bb sourit-elle. <\/p>\n<p>    dur\u00e9e de la vid\u00e9o : 00h01mn35s<\/p>\n<p>        <img decoding=\"async\" width=\"640\" height=\"426\" class=\"article-image not-lazy\" src=\"https:\/\/www.europesays.com\/fr\/wp-content\/uploads\/2025\/09\/aa0903a6-9ecf-4aaf-9a6c-61304961739c.jpg\" alt=\"\" fetchpriority=\"high\"\/><\/p>\n<p>              Voir la video\u00a0(1 minutes 35 secondes).\u00a0<br \/>\n                  1 min 35 s<\/p>\n<p>\n          Charlotte Yven fait partie des huit femmes engag\u00e9es sur la Solitaire du Figaro Paprec. Ce dimanche 31 ao\u00fbt 2025, elle accueillait \u00e0 bord de son Beneteau 3 ses premiers visiteurs.<br \/>\nAvec les interviews de Charlotte Yven, skippeuse Figaro 3 Macif et des visiteurs.<\/p>\n<p>        \u2022<\/p>\n<p>              \u00a9FTV \/ Madeleine Le Page \/ St\u00e9phane L&rsquo;H\u00f4te\n      <\/p>\n<p>A l&rsquo;issue de la visite, le couple confie son \u00e9tonnement. \u00ab\u00a0Ce qui m&rsquo;a surprise, c&rsquo;est la promiscuit\u00e9 du lieu\u00a0\u00bb d\u00e9taille Astrid. \u00ab\u00a0Je pensais que les skippers avaient plus de confort. J&rsquo;ai pris conscience que s&rsquo;adapter \u00e0 ces conditions spartiates fait aussi parti du d\u00e9fi en plus de la navigation. Il faut vraiment du courage pour endurer tout \u00e7a.\u00a0\u00bb  Jean-Charles partage le m\u00eame sentiment : \u00ab\u00a0je m&rsquo;imaginais que les skippers avaient au moins une cabine pour se reposer. L\u00e0, tout est optimis\u00e9 \u00e0 l&rsquo;extr\u00eame.\u00a0\u00bb<\/p>\n<p>Un manque de confort qui n&rsquo;effraie pas Charlotte Yven <\/p>\n<blockquote class=\"ftvi_content_quote\">\n<p class=\"ftvi_citation_quote\">J&rsquo;ai h\u00e2te de partir. C&rsquo;est ma cinqui\u00e8me participation \u00e0 cette course qui est connu pour \u00eatre tr\u00e8s difficile. Les skippers sont seuls sur leur bateau. Tous ont le m\u00eame voilier. C&rsquo;est une course au temps donc il suffit de prendre du retard sur une \u00e9tape pour que notre classement soit moins bon. C&rsquo;est un peu comme le Tour de France v\u00e9lo. Si un coureur tombe lors d&rsquo;une \u00e9tape, il ne peut pas pr\u00e9tendre r\u00e9cup\u00e9rer un bon classement. <\/p>\n<p>Charlotte Yven, skippeuse <\/p><\/blockquote>\n<p>Apr\u00e8s quatre participations, la jeune femme estime \u00ab\u00a0commencer \u00e0 conna\u00eetre les enjeux, les moments cl\u00e9s de la course. Mais on sait aussi que tout peut arriver\u00a0\u00bb.<\/p>\n<p><a data-article-figure=\"\" href=\"https:\/\/france3-regions.franceinfo.fr\/image\/LzJHGTOd25sNfaMyrewrDMc54YQ\/1920x1080\/regions\/2025\/08\/31\/parcours-68b4138713c45778698381.jpg\" data-pswp-width=\"1920\" data-pswp-height=\"1080\" target=\"_blank\" rel=\"nofollow noopener\"><\/p>\n<p>          <img width=\"600\" height=\"400\" class=\"article-image lazy\" data-src=\"https:\/\/www.europesays.com\/fr\/wp-content\/uploads\/2025\/08\/parcours-68b4138713c45778698381.jpg\" alt=\"Parcours complet de la Solitaire du Figaro Paprec 2025\" fetchpriority=\"high\" as=\"image\"\/><\/p>\n<p>\n            Parcours complet de la Solitaire du Figaro Paprec 2025<br \/>\n                           \u2022<br \/>\n                                      \u00a9 DR\n                      <\/p>\n<p><\/a><\/p>\n<p>Elle qui fait partie des huits femmes de la course estime jouer \u00e0 armes \u00e9gales avec les hommes. \u00ab\u00a0Ce sont des \u00e9tapes longues. Cela repr\u00e9sente 3&#215;4 jours en mer avec des escales entre chaque \u00e9tape \u00e0 terre pour se reposer. La diff\u00e9rence principale entre un homme et une femme r\u00e9side dans la force physique. Mais pour la Solitaire, les choix strat\u00e9giques, la gestion du sommeil, du stress, de la m\u00e9t\u00e9o viennent compenser \u00e7a. Du coup, je pense que les femmes jouent \u00e0 armes \u00e9gales avec les hommes. Car tous les skippers ont ces param\u00e8tres \u00e0 g\u00e9rer. Le principal est d&rsquo;apprendre \u00e0  faire avec ses capacit\u00e9s, avec que l&rsquo;on est au-del\u00e0 d&rsquo;\u00eatre un homme ou une femme\u00a0\u00bb.<\/p>\n<p>Arriv\u00e9e 18\u00e8me en 2023 et 4\u00e8me en 2024, Charlotte Yven esp\u00e8re am\u00e9liorer encore son classement lors de cette \u00e9dition 2025. Elle y croit \u00ab\u00a0\u00e0 fond !\u00a0\u00bb<\/p>\n","protected":false},"excerpt":{"rendered":"A 28 ans, Charlotte Yven est l&rsquo;une des huit femmes qui prendra le d\u00e9part de la Solitaire du&hellip;\n","protected":false},"author":2,"featured_media":358509,"comment_status":"","ping_status":"","sticky":false,"template":"","format":"standard","meta":{"footnotes":""},"categories":[9587],"tags":[1111,11,1777,674,1011,27,12,5161,25,9590],"class_list":{"0":"post-358508","1":"post","2":"type-post","3":"status-publish","4":"format-standard","5":"has-post-thumbnail","7":"category-rouen","8":"tag-actu","9":"tag-actualites","10":"tag-eu","11":"tag-europe","12":"tag-fr","13":"tag-france","14":"tag-news","15":"tag-normandie","16":"tag-republique-francaise","17":"tag-rouen"},"share_on_mastodon":{"url":"https:\/\/pubeurope.com\/@fr\/115129610742701333","error":""},"_links":{"self":[{"href":"https:\/\/www.europesays.com\/fr\/wp-json\/wp\/v2\/posts\/358508","targetHints":{"allow":["GET"]}}],"collection":[{"href":"https:\/\/www.europesays.com\/fr\/wp-json\/wp\/v2\/posts"}],"about":[{"href":"https:\/\/www.europesays.com\/fr\/wp-json\/wp\/v2\/types\/post"}],"author":[{"embeddable":true,"href":"https:\/\/www.europesays.com\/fr\/wp-json\/wp\/v2\/users\/2"}],"replies":[{"embeddable":true,"href":"https:\/\/www.europesays.com\/fr\/wp-json\/wp\/v2\/comments?post=358508"}],"version-history":[{"count":0,"href":"https:\/\/www.europesays.com\/fr\/wp-json\/wp\/v2\/posts\/358508\/revisions"}],"wp:featuredmedia":[{"embeddable":true,"href":"https:\/\/www.europesays.com\/fr\/wp-json\/wp\/v2\/media\/358509"}],"wp:attachment":[{"href":"https:\/\/www.europesays.com\/fr\/wp-json\/wp\/v2\/media?parent=358508"}],"wp:term":[{"taxonomy":"category","embeddable":true,"href":"https:\/\/www.europesays.com\/fr\/wp-json\/wp\/v2\/categories?post=358508"},{"taxonomy":"post_tag","embeddable":true,"href":"https:\/\/www.europesays.com\/fr\/wp-json\/wp\/v2\/tags?post=358508"}],"curies":[{"name":"wp","href":"https:\/\/api.w.org\/{rel}","templated":true}]}}