{"id":35851,"date":"2025-04-19T06:39:08","date_gmt":"2025-04-19T06:39:08","guid":{"rendered":"https:\/\/www.europesays.com\/fr\/35851\/"},"modified":"2025-04-19T06:39:08","modified_gmt":"2025-04-19T06:39:08","slug":"au-panier-a-marseille-la-fronde-des-commercants-fait-reculer-grdf","status":"publish","type":"post","link":"https:\/\/www.europesays.com\/fr\/35851\/","title":{"rendered":"Au Panier \u00e0 Marseille, la fronde des commer\u00e7ants fait reculer GRDF"},"content":{"rendered":"<p>Les marquages au sol d\u00e9pos\u00e9s \u00e0 l\u2019aube et les quelques ouvriers et tractopelles d\u00e9ploy\u00e9s mardi matin ont suffi \u00e0 susciter la fronde des commer\u00e7ants de la rue du Panier (2e). Mais pour Jo\u00ebl Bartoli, patron du Bistrot des Pistoles, voir \u00ab\u00a0l\u2019une des plus fr\u00e9quent\u00e9e de la ville\u00a0\u00bb \u00e9ventr\u00e9e pour des travaux sur une canalisation de gaz est inenvisageable.<\/p>\n<p>\u00ab\u00a0Pas aujourd\u2019hui, alors que la saison touristique d\u00e9bute, s\u2019emporte-t-il. Aucun commer\u00e7ant n\u2019a \u00e9t\u00e9 pr\u00e9venu et ces travaux auraient ruin\u00e9 la saison de tout le monde. Sans parler du cadre saccag\u00e9 qu\u2019on allait offrir aux touristes\u2026\u00a0\u00bb \u00c0 l\u2019unisson, ces commer\u00e7ants, pour qui l\u2019\u00e9t\u00e9 repr\u00e9sente \u00ab\u00a0plus de 80% du chiffre d\u2019affaires\u00a0\u00bb, se sont interpos\u00e9s &#8211; \u00ab\u00a0gentiment\u00a0\u00bb assurent-ils &#8211; et ont emp\u00each\u00e9 le d\u00e9but du chantier.<\/p>\n<p>\u00ab\u00a0Un bug de communication\u00a0\u00bb<\/p>\n<p>Avant de d\u00e9couvrir l\u2019arr\u00eat\u00e9 municipal autorisant les travaux. \u00ab\u00a0Les ouvriers s\u2019appr\u00eataient \u00e0 creuser une tranch\u00e9e sur toute la longueur de la rue, appuie Jonas Bizord de l\u2019Atelier du corail. L\u2019arr\u00eat\u00e9 pr\u00e9cisait \u00e9galement une fermeture de certaines rues des alentours, emp\u00eachant les livraisons pour certains commerces. Tout le secteur aurait \u00e9t\u00e9 impact\u00e9 et aurait vu son \u00e9t\u00e9 g\u00e2ch\u00e9. Ici, personne n\u2019a une saison d\u2019avance.\u00a0\u00bb<\/p>\n<p>Remont\u00e9s, les commer\u00e7ants ont finalement \u00e9t\u00e9 re\u00e7us en mairie du 2e-3e dans la foul\u00e9e. \u00ab\u00a0Il y a eu un petit bug de communication, reconna\u00eet Thomas Laffare, conseiller d\u2019arrondissements (EELV) en charge du commerce. Mais nous nous sommes rapproch\u00e9s de GRDF pour obtenir un report des travaux face \u00e0 cette situation qui n\u2019\u00e9tait pas tenable pour les commer\u00e7ants.\u00a0\u00bb\u00a0Un report finalement accord\u00e9 par GRDF, \u00ab\u00a0compte tenu de l\u2019absence d\u2019urgence\u00a0\u00bb selon la mairie de secteur qui annonce une reprogrammation de ces travaux \u00ab\u00a0en janvier\u00a02026\u00a0\u00bb.<\/p>\n","protected":false},"excerpt":{"rendered":"Les marquages au sol d\u00e9pos\u00e9s \u00e0 l\u2019aube et les quelques ouvriers et tractopelles d\u00e9ploy\u00e9s mardi matin ont suffi&hellip;\n","protected":false},"author":2,"featured_media":35852,"comment_status":"","ping_status":"","sticky":false,"template":"","format":"standard","meta":{"footnotes":""},"categories":[2814],"tags":[17,1111,11,7230,154,1777,674,21,1011,27,10440,884,12,9444,882,11588,16,25],"class_list":{"0":"post-35851","1":"post","2":"type-post","3":"status-publish","4":"format-standard","5":"has-post-thumbnail","7":"category-marseille","8":"tag-17","9":"tag-actu","10":"tag-actualites","11":"tag-commercants","12":"tag-des","13":"tag-eu","14":"tag-europe","15":"tag-fait","16":"tag-fr","17":"tag-france","18":"tag-fronde","19":"tag-marseille","20":"tag-news","21":"tag-panier","22":"tag-provence-alpes-cote-dazur","23":"tag-reculer","24":"tag-region","25":"tag-republique-francaise"},"share_on_mastodon":{"url":"https:\/\/pubeurope.com\/@fr\/114363260199119224","error":""},"_links":{"self":[{"href":"https:\/\/www.europesays.com\/fr\/wp-json\/wp\/v2\/posts\/35851","targetHints":{"allow":["GET"]}}],"collection":[{"href":"https:\/\/www.europesays.com\/fr\/wp-json\/wp\/v2\/posts"}],"about":[{"href":"https:\/\/www.europesays.com\/fr\/wp-json\/wp\/v2\/types\/post"}],"author":[{"embeddable":true,"href":"https:\/\/www.europesays.com\/fr\/wp-json\/wp\/v2\/users\/2"}],"replies":[{"embeddable":true,"href":"https:\/\/www.europesays.com\/fr\/wp-json\/wp\/v2\/comments?post=35851"}],"version-history":[{"count":0,"href":"https:\/\/www.europesays.com\/fr\/wp-json\/wp\/v2\/posts\/35851\/revisions"}],"wp:featuredmedia":[{"embeddable":true,"href":"https:\/\/www.europesays.com\/fr\/wp-json\/wp\/v2\/media\/35852"}],"wp:attachment":[{"href":"https:\/\/www.europesays.com\/fr\/wp-json\/wp\/v2\/media?parent=35851"}],"wp:term":[{"taxonomy":"category","embeddable":true,"href":"https:\/\/www.europesays.com\/fr\/wp-json\/wp\/v2\/categories?post=35851"},{"taxonomy":"post_tag","embeddable":true,"href":"https:\/\/www.europesays.com\/fr\/wp-json\/wp\/v2\/tags?post=35851"}],"curies":[{"name":"wp","href":"https:\/\/api.w.org\/{rel}","templated":true}]}}