{"id":358510,"date":"2025-09-01T14:53:12","date_gmt":"2025-09-01T14:53:12","guid":{"rendered":"https:\/\/www.europesays.com\/fr\/358510\/"},"modified":"2025-09-01T14:53:12","modified_gmt":"2025-09-01T14:53:12","slug":"isere-un-jeune-boulanger-grievement-blesse-apres-avoir-recu-deux-coups-de-couteau-au-thorax-a-grenoble","status":"publish","type":"post","link":"https:\/\/www.europesays.com\/fr\/358510\/","title":{"rendered":"Is\u00e8re. Un jeune boulanger gri\u00e8vement bless\u00e9 apr\u00e8s avoir re\u00e7u deux coups de couteau au thorax \u00e0 Grenoble"},"content":{"rendered":"<p>Un boulanger a \u00e9t\u00e9 gri\u00e8vement bless\u00e9 \u00e0 l&rsquo;arme blanche ce lundi matin \u00e0 Grenoble (Is\u00e8re) et son pronostic vital est engag\u00e9, rapporte <a href=\"https:\/\/www.ledauphine.com\/faits-divers-justice\/2025\/09\/01\/un-boulanger-gravement-blesse-de-coups-de-couteau-au-thorax\" target=\"_blank\" rel=\"noopener\">Le Dauphin\u00e9 Lib\u00e9r\u00e9<\/a>. Les faits se sont d\u00e9roul\u00e9s vers 4 h 30 devant cette boulangerie grenobloise ouvrant \u00e0 6 heures. Selon nos confr\u00e8res, trois hommes auraient \u00e9t\u00e9 surpris en train de voler du pain, pos\u00e9 devant une fen\u00eatre laiss\u00e9e ouverte.<\/p>\n<p>Ce contenu est bloqu\u00e9 car vous n&rsquo;avez pas accept\u00e9 les cookies et autres traceurs.<\/p>\n<p>En cliquant sur \u00ab J\u2019accepte \u00bb, les cookies et autres traceurs seront d\u00e9pos\u00e9s et vous pourrez visualiser les contenus  (<a href=\"\" class=\"consentModule_policy\" target=\"_blank\" title=\"Consulter la politique de protection des donn\u00e9es du fournisseur\">plus d&rsquo;informations<\/a>).<\/p>\n<p>En cliquant sur \u00ab J\u2019accepte tous les cookies \u00bb, vous autorisez des d\u00e9p\u00f4ts de cookies et autres traceurs pour le stockage de vos donn\u00e9es sur nos sites et applications \u00e0 des fins de personnalisation et de ciblage publicitaire.<\/p>\n<p class=\"consentModule_secondaryText\">Vous gardez la possibilit\u00e9 de retirer votre consentement \u00e0 tout moment en consultant notre <a href=\"https:\/\/www.leprogres.fr\/protection-des-donnees\" target=\"_blank\" title=\"Consulter notre politique de protection des donn\u00e9es\" rel=\"noopener\">politique de protection des donn\u00e9es<\/a>. <br \/>&#13;<br \/>\n            <a href=\"https:\/\/www.leprogres.fr\/faits-divers-justice\/2025\/09\/01\/javascript:Didomi.notice.show()\" class=\"consentModule_cmp\" target=\"_blank\" rel=\"noopener\">G\u00e9rer mes choix<\/a>&#13;\n        <\/p>\n<p>&#13;<br \/>\n                        J&rsquo;accepte&#13;<br \/>\n            J&rsquo;accepte tous les cookies&#13;\n        <\/p>\n<p>Un des employ\u00e9s d&rsquo;une vingtaine d&rsquo;ann\u00e9es est all\u00e9 \u00e0 leur rencontre. Une altercation \u00e9clate alors sur le trottoir, quelques m\u00e8tres plus loin, au cours de laquelle l&rsquo;un des agresseurs a assen\u00e9 au boulanger deux coups de couteau au thorax, avant de prendre la fuite. Ce dernier, dont le pronostic vital est engag\u00e9, a \u00e9t\u00e9 transport\u00e9 au au CHU Grenoble Alpes, pr\u00e9cise le journal.<\/p>\n<p class=\"note\">&gt;&gt; Lire l&rsquo;article du <a href=\"https:\/\/www.ledauphine.com\/faits-divers-justice\/2025\/09\/01\/un-boulanger-gravement-blesse-de-coups-de-couteau-au-thorax\" target=\"_blank\" rel=\"noopener\">Dauphin\u00e9 Lib\u00e9r\u00e9<\/a>.<\/p>\n","protected":false},"excerpt":{"rendered":"Un boulanger a \u00e9t\u00e9 gri\u00e8vement bless\u00e9 \u00e0 l&rsquo;arme blanche ce lundi matin \u00e0 Grenoble (Is\u00e8re) et son pronostic&hellip;\n","protected":false},"author":2,"featured_media":358511,"comment_status":"","ping_status":"","sticky":false,"template":"","format":"standard","meta":{"footnotes":""},"categories":[9566],"tags":[1111,11,2430,271,272,1777,674,274,107,1011,27,329,2731,12,25],"class_list":{"0":"post-358510","1":"post","2":"type-post","3":"status-publish","4":"format-standard","5":"has-post-thumbnail","7":"category-grenoble","8":"tag-actu","9":"tag-actualites","10":"tag-auvergne-rhone-alpes","11":"tag-crime","12":"tag-delit-et-contravention","13":"tag-eu","14":"tag-europe","15":"tag-faits-divers-justice","16":"tag-fil-info","17":"tag-fr","18":"tag-france","19":"tag-france-monde","20":"tag-grenoble","21":"tag-news","22":"tag-republique-francaise"},"share_on_mastodon":{"url":"https:\/\/pubeurope.com\/@fr\/115129614637079014","error":""},"_links":{"self":[{"href":"https:\/\/www.europesays.com\/fr\/wp-json\/wp\/v2\/posts\/358510","targetHints":{"allow":["GET"]}}],"collection":[{"href":"https:\/\/www.europesays.com\/fr\/wp-json\/wp\/v2\/posts"}],"about":[{"href":"https:\/\/www.europesays.com\/fr\/wp-json\/wp\/v2\/types\/post"}],"author":[{"embeddable":true,"href":"https:\/\/www.europesays.com\/fr\/wp-json\/wp\/v2\/users\/2"}],"replies":[{"embeddable":true,"href":"https:\/\/www.europesays.com\/fr\/wp-json\/wp\/v2\/comments?post=358510"}],"version-history":[{"count":0,"href":"https:\/\/www.europesays.com\/fr\/wp-json\/wp\/v2\/posts\/358510\/revisions"}],"wp:featuredmedia":[{"embeddable":true,"href":"https:\/\/www.europesays.com\/fr\/wp-json\/wp\/v2\/media\/358511"}],"wp:attachment":[{"href":"https:\/\/www.europesays.com\/fr\/wp-json\/wp\/v2\/media?parent=358510"}],"wp:term":[{"taxonomy":"category","embeddable":true,"href":"https:\/\/www.europesays.com\/fr\/wp-json\/wp\/v2\/categories?post=358510"},{"taxonomy":"post_tag","embeddable":true,"href":"https:\/\/www.europesays.com\/fr\/wp-json\/wp\/v2\/tags?post=358510"}],"curies":[{"name":"wp","href":"https:\/\/api.w.org\/{rel}","templated":true}]}}