{"id":358512,"date":"2025-09-01T14:54:12","date_gmt":"2025-09-01T14:54:12","guid":{"rendered":"https:\/\/www.europesays.com\/fr\/358512\/"},"modified":"2025-09-01T14:54:12","modified_gmt":"2025-09-01T14:54:12","slug":"emploi-300-postes-a-pourvoir-a-laeroport-grenoble-alpes-isere-de-saint-etienne-de-saint-geoirs","status":"publish","type":"post","link":"https:\/\/www.europesays.com\/fr\/358512\/","title":{"rendered":"Emploi. 300 postes \u00e0 pourvoir \u00e0 l\u2019a\u00e9roport Grenoble Alpes Is\u00e8re de Saint-\u00c9tienne-de-Saint-Geoirs"},"content":{"rendered":"<p>L\u2019a\u00e9roport Grenoble Alpes Is\u00e8re, g\u00e9r\u00e9 par Vinci airports, organise en collaboration avec Bi\u00e8vre Is\u00e8re communaut\u00e9 et la Mission locale de la Bi\u00e8vre, ce mercredi 3\u00a0septembre de 15\u00a0heures \u00e0 18\u00a0h\u00a030 sur le site de Saint-\u00c9tienne-de-Saint-Geoirs, la onzi\u00e8me \u00e9dition de son forum Is\u00e8re A\u00e9ro Emploi en pr\u00e9vision de la saison hivernale 2025-2026.<\/p>\n<p>Porte d\u2019entr\u00e9e des Alpes, <a href=\"https:\/\/www.ledauphine.com\/economie\/2025\/02\/19\/isere-aeroport-de-grenoble-nous-ne-sommes-pas-dans-une-logique-de-guerre-economique\" target=\"_blank\" rel=\"noopener\">l\u2019a\u00e9roport accueille chaque hiver de nombreux touristes \u00e9trangers et amateurs de sports d\u2019hiver<\/a>. Vinci airports recrute dans ce cadre, chaque ann\u00e9e, plus de 300 saisonniers \u00e0 l\u2019a\u00e9roport is\u00e9rois afin d\u2019assurer la saison hivernale et d\u2019accueillir les passagers de d\u00e9cembre \u00e0 avril. De nombreux postes a\u00e9roportuaires sont ainsi propos\u00e9s dans les m\u00e9tiers de la piste, de l\u2019accueil, de la s\u00fbret\u00e9\u2026<\/p>\n<p>Ce contenu est bloqu\u00e9 car vous n&rsquo;avez pas accept\u00e9 les cookies et autres traceurs.<\/p>\n<p>En cliquant sur \u00ab J\u2019accepte \u00bb, les cookies et autres traceurs seront d\u00e9pos\u00e9s et vous pourrez visualiser les contenus  (<a href=\"\" class=\"consentModule_policy\" target=\"_blank\" title=\"Consulter la politique de protection des donn\u00e9es du fournisseur\">plus d&rsquo;informations<\/a>).<\/p>\n<p>En cliquant sur \u00ab J\u2019accepte tous les cookies \u00bb, vous autorisez des d\u00e9p\u00f4ts de cookies et autres traceurs pour le stockage de vos donn\u00e9es sur nos sites et applications \u00e0 des fins de personnalisation et de ciblage publicitaire.<\/p>\n<p class=\"consentModule_secondaryText\">Vous gardez la possibilit\u00e9 de retirer votre consentement \u00e0 tout moment en consultant notre <a href=\"https:\/\/www.ledauphine.com\/protection-des-donnees\" target=\"_blank\" title=\"Consulter notre politique de protection des donn\u00e9es\" rel=\"noopener\">politique de protection des donn\u00e9es<\/a>. <br \/>&#13;<br \/>\n            <a href=\"https:\/\/www.ledauphine.com\/social\/2025\/09\/01\/javascript:Didomi.notice.show()\" class=\"consentModule_cmp\" target=\"_blank\" rel=\"noopener\">G\u00e9rer mes choix<\/a>&#13;\n        <\/p>\n<p>&#13;<br \/>\n                        J&rsquo;accepte&#13;<br \/>\n            J&rsquo;accepte tous les cookies&#13;\n        <\/p>\n<p>Pour participer au forum, les candidats sont invit\u00e9s \u00e0 s\u2019inscrire sur la plateforme d\u00e9di\u00e9e (nosaeroportsrecrutent.com) o\u00f9 ils peuvent \u00e9galement d\u00e9poser leur CV en ligne. Selon Pierre Marnotte, directeur de l\u2019a\u00e9roport Grenoble Alpes Is\u00e8re\u00a0: \u00ab\u00a0Le forum Is\u00e8re A\u00e9ro Emploi est une opportunit\u00e9 d\u2019\u00e9change entre les candidats et les \u00e9quipes op\u00e9rationnelles. Cette nouvelle \u00e9dition est l\u2019occasion de faire d\u00e9couvrir les nombreux postes qui sont propos\u00e9s et de pr\u00e9senter les diff\u00e9rentes formations permettant d\u2019acqu\u00e9rir un v\u00e9ritable savoir-faire tout en vivant une exp\u00e9rience professionnelle et humaine intense\u2026 L\u2019occasion peut-\u00eatre aussi de cr\u00e9er des vocations.\u00a0\u00bb<\/p>\n","protected":false},"excerpt":{"rendered":"L\u2019a\u00e9roport Grenoble Alpes Is\u00e8re, g\u00e9r\u00e9 par Vinci airports, organise en collaboration avec Bi\u00e8vre Is\u00e8re communaut\u00e9 et la Mission&hellip;\n","protected":false},"author":2,"featured_media":358513,"comment_status":"","ping_status":"","sticky":false,"template":"","format":"standard","meta":{"footnotes":""},"categories":[9566],"tags":[1111,11,2430,33,112,114,341,1777,674,1011,27,2731,108,12,25,44850,27908,801,2803],"class_list":{"0":"post-358512","1":"post","2":"type-post","3":"status-publish","4":"format-standard","5":"has-post-thumbnail","7":"category-grenoble","8":"tag-actu","9":"tag-actualites","10":"tag-auvergne-rhone-alpes","11":"tag-economie","12":"tag-edition-grenoble-agglomeration","13":"tag-edition-voiron-saint-marcellin","14":"tag-emploi","15":"tag-eu","16":"tag-europe","17":"tag-fr","18":"tag-france","19":"tag-grenoble","20":"tag-isere","21":"tag-news","22":"tag-republique-francaise","23":"tag-saint-etienne-de-saint-geoirs","24":"tag-saint-geoirs-et-autour","25":"tag-social","26":"tag-transport"},"share_on_mastodon":{"url":"https:\/\/pubeurope.com\/@fr\/115129619252263307","error":""},"_links":{"self":[{"href":"https:\/\/www.europesays.com\/fr\/wp-json\/wp\/v2\/posts\/358512","targetHints":{"allow":["GET"]}}],"collection":[{"href":"https:\/\/www.europesays.com\/fr\/wp-json\/wp\/v2\/posts"}],"about":[{"href":"https:\/\/www.europesays.com\/fr\/wp-json\/wp\/v2\/types\/post"}],"author":[{"embeddable":true,"href":"https:\/\/www.europesays.com\/fr\/wp-json\/wp\/v2\/users\/2"}],"replies":[{"embeddable":true,"href":"https:\/\/www.europesays.com\/fr\/wp-json\/wp\/v2\/comments?post=358512"}],"version-history":[{"count":0,"href":"https:\/\/www.europesays.com\/fr\/wp-json\/wp\/v2\/posts\/358512\/revisions"}],"wp:featuredmedia":[{"embeddable":true,"href":"https:\/\/www.europesays.com\/fr\/wp-json\/wp\/v2\/media\/358513"}],"wp:attachment":[{"href":"https:\/\/www.europesays.com\/fr\/wp-json\/wp\/v2\/media?parent=358512"}],"wp:term":[{"taxonomy":"category","embeddable":true,"href":"https:\/\/www.europesays.com\/fr\/wp-json\/wp\/v2\/categories?post=358512"},{"taxonomy":"post_tag","embeddable":true,"href":"https:\/\/www.europesays.com\/fr\/wp-json\/wp\/v2\/tags?post=358512"}],"curies":[{"name":"wp","href":"https:\/\/api.w.org\/{rel}","templated":true}]}}