{"id":358514,"date":"2025-09-01T14:55:49","date_gmt":"2025-09-01T14:55:49","guid":{"rendered":"https:\/\/www.europesays.com\/fr\/358514\/"},"modified":"2025-09-01T14:55:49","modified_gmt":"2025-09-01T14:55:49","slug":"a-rennes-la-maison-du-don-fait-sa-rentree-du-jeudi-4-au-samedi-6-septembre-2025","status":"publish","type":"post","link":"https:\/\/www.europesays.com\/fr\/358514\/","title":{"rendered":"\u00c0 Rennes, la Maison du don fait sa rentr\u00e9e du jeudi\u00a04 au samedi 6\u00a0septembre 2025"},"content":{"rendered":"<p><strong>\u00ab\u00a0La fin de l\u2019\u00e9t\u00e9 et le mois de septembre riment avec la rentr\u00e9e et la reprise des routines\u00a0: l\u2019occasion d\u2019int\u00e9grer le don de sang et de plasma dans ses habitudes\u00a0\u00bb,<\/strong> propose\u00a0<a href=\"https:\/\/rennes.maville.com\/actu\/actudet_-don-du-sang.-un-lien-unique-qui-se-tisse-entre-deux-inconnus-_53511-6699144_actu.Htm?utm_source=troove&amp;utm_medium=site\" rel=\"nofollow noopener\" target=\"_blank\">l\u2019\u00c9tablissement fran\u00e7ais du sang<\/a>.<\/p>\n<p>Une rentr\u00e9e du 4 au 6\u00a0septembre<\/p>\n<p><a href=\"https:\/\/rennes.maville.com\/actu\/actudet_-retraite-progressive-arrets-de-travail-don-du-sang...-ce-qui-change-au-1er-septembre-_54135-6949782_actu.Htm?utm_source=troove&amp;utm_medium=site\" target=\"_self\" rel=\"nofollow noopener\">\u00c0 partir du 1er\u00a0septembre 2025, <\/a> <strong> <a href=\"https:\/\/rennes.maville.com\/actu\/actudet_-retraite-progressive-arrets-de-travail-don-du-sang...-ce-qui-change-au-1er-septembre-_54135-6949782_actu.Htm?utm_source=troove&amp;utm_medium=site\" rel=\"nofollow noopener\" target=\"_blank\">\u00ab\u00a0les crit\u00e8res de s\u00e9lection \u00e9voluent\u00a0\u00bb<\/a> <\/strong>. Ainsi, <strong>\u00ab\u00a0la dur\u00e9e durant laquelle on ne\u00a0peut pas donner passe de quatre \u00e0 deux mois apr\u00e8s un tatouage, un piercing (boucles d\u2019oreilles incluses) ou une s\u00e9ance d\u2019acupuncture, de scl\u00e9rose de varices ou de m\u00e9soth\u00e9rapie\u00a0\u00bb<\/strong>.\u00a0La contre-indication des donneurs <strong>\u00ab\u00a0est \u00e9galement supprim\u00e9e en cas d\u2019utilisation de substituts osseux en implantologie dentaire\u00a0\u00bb<\/strong>.<\/p>\n<p>Afin de permettre \u00e0 un maximum de donneurs de le faire, la Maison du don offrira davantage de cr\u00e9neaux de don jeudi\u00a04, vendredi\u00a05 et samedi 6\u00a0septembre 2025. <strong>\u00ab\u00a0Une odeur de cr\u00eapes et de gaufres\u00a0fl\u00e2nera dans l\u2019air.\u00a0\u00bb<\/strong><\/p>\n<p>\u00ab\u00a0Instant piano\u00a0\u00bb m\u00eale photos et musique<\/p>\n<p>Jusqu\u2019\u00e0 fin octobre, <a href=\"https:\/\/dinan.maville.com\/actu\/actudet_-dinan.-instant-piano-une-exposition-photos-et-musiques-a-la-bibliotheque-_52686-5725011_actu.Htm?utm_source=troove&amp;utm_medium=site\" rel=\"nofollow noopener\" target=\"_blank\">l\u2019exposition \u00ab\u00a0Instant piano\u00a0\u00bb<\/a> propose, dans la Maison du don, une rencontre entre l\u2019image et la m\u00e9lodie. Le fruit d\u2019une collaboration entre la photographe <a href=\"https:\/\/rennes.maville.com\/actu\/actudet_-bruz.-un-atelier-avec-amelie-marta-photographe-nomade-_7-4910114_actu.Htm?utm_source=troove&amp;utm_medium=site\" target=\"_self\" rel=\"nofollow noopener\">Am\u00e9ligraphie<\/a> et le <a href=\"https:\/\/saint-malo.maville.com\/actu\/actudet_-saint-malo.-deux-pianistes-locaux-proposent-un-concert-pour-voyager-vendredi-7-juin-_52701-6323302_actu.Htm?utm_source=troove&amp;utm_medium=site\" target=\"_self\" rel=\"nofollow noopener\">compositeur et pianiste Josselin Matignon<\/a>, \u00e0 travers vingt\u00a0photographies, chacune accompagn\u00e9e d\u2019une composition au piano.<\/p>\n<p><strong>Prendre rendez-vous<\/strong> sur <a href=\"https:\/\/dondesang.efs.sante.fr\/\" rel=\"nofollow noopener\" target=\"_blank\">dondesang.efs.sante.fr<\/a>, l\u2019application Don de sang ou au t\u00e9l. 02\u00a023\u00a022\u00a057. Ouverture du lundi au samedi, 5,\u00a0rue, Pierre-Jean-Gineste.<\/p>\n<p>\u00a0<\/p>\n","protected":false},"excerpt":{"rendered":"\u00ab\u00a0La fin de l\u2019\u00e9t\u00e9 et le mois de septembre riment avec la rentr\u00e9e et la reprise des routines\u00a0:&hellip;\n","protected":false},"author":2,"featured_media":358515,"comment_status":"","ping_status":"","sticky":false,"template":"","format":"standard","meta":{"footnotes":""},"categories":[2821],"tags":[17,15540,28015,1111,11,829,13554,1777,674,21,1011,27,9272,2142,12,584,28313,25,3982,395],"class_list":{"0":"post-358514","1":"post","2":"type-post","3":"status-publish","4":"format-standard","5":"has-post-thumbnail","7":"category-rennes","8":"tag-17","9":"tag-15540","10":"tag-28015","11":"tag-actu","12":"tag-actualites","13":"tag-bretagne","14":"tag-don","15":"tag-eu","16":"tag-europe","17":"tag-fait","18":"tag-fr","19":"tag-france","20":"tag-jeudi","21":"tag-maison","22":"tag-news","23":"tag-rennes","24":"tag-rentree","25":"tag-republique-francaise","26":"tag-samedi","27":"tag-septembre"},"share_on_mastodon":{"url":"https:\/\/pubeurope.com\/@fr\/115129626370317095","error":""},"_links":{"self":[{"href":"https:\/\/www.europesays.com\/fr\/wp-json\/wp\/v2\/posts\/358514","targetHints":{"allow":["GET"]}}],"collection":[{"href":"https:\/\/www.europesays.com\/fr\/wp-json\/wp\/v2\/posts"}],"about":[{"href":"https:\/\/www.europesays.com\/fr\/wp-json\/wp\/v2\/types\/post"}],"author":[{"embeddable":true,"href":"https:\/\/www.europesays.com\/fr\/wp-json\/wp\/v2\/users\/2"}],"replies":[{"embeddable":true,"href":"https:\/\/www.europesays.com\/fr\/wp-json\/wp\/v2\/comments?post=358514"}],"version-history":[{"count":0,"href":"https:\/\/www.europesays.com\/fr\/wp-json\/wp\/v2\/posts\/358514\/revisions"}],"wp:featuredmedia":[{"embeddable":true,"href":"https:\/\/www.europesays.com\/fr\/wp-json\/wp\/v2\/media\/358515"}],"wp:attachment":[{"href":"https:\/\/www.europesays.com\/fr\/wp-json\/wp\/v2\/media?parent=358514"}],"wp:term":[{"taxonomy":"category","embeddable":true,"href":"https:\/\/www.europesays.com\/fr\/wp-json\/wp\/v2\/categories?post=358514"},{"taxonomy":"post_tag","embeddable":true,"href":"https:\/\/www.europesays.com\/fr\/wp-json\/wp\/v2\/tags?post=358514"}],"curies":[{"name":"wp","href":"https:\/\/api.w.org\/{rel}","templated":true}]}}