{"id":358526,"date":"2025-09-01T15:01:14","date_gmt":"2025-09-01T15:01:14","guid":{"rendered":"https:\/\/www.europesays.com\/fr\/358526\/"},"modified":"2025-09-01T15:01:14","modified_gmt":"2025-09-01T15:01:14","slug":"la-circulation-interrompue-apres-un-accident-entre-six-vehicules","status":"publish","type":"post","link":"https:\/\/www.europesays.com\/fr\/358526\/","title":{"rendered":"la circulation interrompue apr\u00e8s un accident entre six v\u00e9hicules"},"content":{"rendered":"<p>            Par<br \/>\n        <strong><br \/>\n            <a href=\"https:\/\/actu.fr\/auteur\/thomas-bernard\" title=\"Consulter tous les articles de Thomas Bernard\" target=\"_blank\" rel=\"noopener\">Thomas Bernard<\/a><br \/>\n        <\/strong><\/p>\n<p>        Publi\u00e9 le<\/p>\n<p>            1 sept. 2025 \u00e0 16h15        <\/p>\n<p>Ce lundi 1er\u00a0septembre 2025, <strong>un accident s\u2019est produit dans l\u2019apr\u00e8s-midi sur la RN 137 en direction de Nantes-Centre et Paris, \u00e0 hauteur d\u2019Orvault<\/strong>, a indiqu\u00e9 Bison Fut\u00e9 \u00e0 <a href=\"https:\/\/actu.fr\/nantes\/\" target=\"_blank\" rel=\"noopener\">actu Nantes.<\/a> D\u2019apr\u00e8s Bison Fut\u00e9, <strong>six v\u00e9hicules<\/strong>, dont un poids lourd, sont impliqu\u00e9s dans l\u2019accident.<\/p>\n<p class=\" wall-content\">Les \u00e9quipes de secours sont actuellement mobilis\u00e9es sur place. Pour faciliter leur intervention, <strong>la circulation est temporairement interrompue dans le secteur<\/strong>. \u00c0 l\u2019heure o\u00f9 nous \u00e9crivons ces lignes, nous ignorons le bilan m\u00e9dical de l\u2019accident.<\/p>\n<p>\u00ab\u2009Prudence dans le secteur\u2009\u00bb<\/p>\n<p class=\" wall-content\">\u00ab\u2009Les usagers en provenance de Rennes \u00e0 destination de Paris et Nantes-Centre peuvent prendre le p\u00e9riph\u00e9rique ext\u00e9rieur (A844) et faire demi-tour en direction de Paris \u00e0 l\u2019\u00e9changeur suivant. Il est conseill\u00e9 \u00e0 tous la plus grande prudence \u00e0 l\u2019approche de ce secteur\u2009\u00bb, indique Bison Fut\u00e9 dans un communiqu\u00e9.<\/p>\n<p class=\" wall-content\">Une d\u00e9viation a \u00e9t\u00e9 mise en place avec l\u2019obligation de sortir <a href=\"https:\/\/www.bison-fute.gouv.fr\/nantes,10264.html\" target=\"_blank\" rel=\"noopener\">par la bretelle en direction du p\u00e9riph\u00e9rique ext\u00e9rieur<\/a>, direction Vannes.<\/p>\n<p class=\" wall-content\">Bison Fut\u00e9 indique un peu moins de 5\u00a0km de <strong>bouchons<\/strong> sur le p\u00e9riph\u00e9rique \u00e0 l\u2019entr\u00e9e de Nantes.<\/p>\n<p class=\" wall-content\">Personnalisez votre actualit\u00e9 en ajoutant vos villes et m\u00e9dias en favori avec <a href=\"https:\/\/moncompte.actu.fr\" title=\"D\u00e9couvez Mon Actu\" rel=\"nofollow noopener\" data-trk=\"{&quot;cta&quot;:{&quot;action&quot;:&quot;https:\\\/\\\/moncompte.actu.fr&quot;,&quot;category&quot;:&quot;mon compte&quot;,&quot;from&quot;:&quot;article footer&quot;,&quot;name&quot;:&quot;Mon actu&quot;,&quot;type&quot;:&quot;cta&quot;}}\" target=\"_blank\">Mon Actu<\/a>.<\/p>\n","protected":false},"excerpt":{"rendered":"Par Thomas Bernard Publi\u00e9 le 1 sept. 2025 \u00e0 16h15 Ce lundi 1er\u00a0septembre 2025, un accident s\u2019est produit&hellip;\n","protected":false},"author":2,"featured_media":358527,"comment_status":"","ping_status":"","sticky":false,"template":"","format":"standard","meta":{"footnotes":""},"categories":[2818],"tags":[119,1111,11,3542,1777,674,118,1011,27,766,12,2636,4013,25],"class_list":{"0":"post-358526","1":"post","2":"type-post","3":"status-publish","4":"format-standard","5":"has-post-thumbnail","7":"category-nantes","8":"tag-accident","9":"tag-actu","10":"tag-actualites","11":"tag-circulation","12":"tag-eu","13":"tag-europe","14":"tag-faits-divers","15":"tag-fr","16":"tag-france","17":"tag-nantes","18":"tag-news","19":"tag-pays-de-la-loire","20":"tag-peripherique","21":"tag-republique-francaise"},"share_on_mastodon":{"url":"https:\/\/pubeurope.com\/@fr\/115129646011094982","error":""},"_links":{"self":[{"href":"https:\/\/www.europesays.com\/fr\/wp-json\/wp\/v2\/posts\/358526","targetHints":{"allow":["GET"]}}],"collection":[{"href":"https:\/\/www.europesays.com\/fr\/wp-json\/wp\/v2\/posts"}],"about":[{"href":"https:\/\/www.europesays.com\/fr\/wp-json\/wp\/v2\/types\/post"}],"author":[{"embeddable":true,"href":"https:\/\/www.europesays.com\/fr\/wp-json\/wp\/v2\/users\/2"}],"replies":[{"embeddable":true,"href":"https:\/\/www.europesays.com\/fr\/wp-json\/wp\/v2\/comments?post=358526"}],"version-history":[{"count":0,"href":"https:\/\/www.europesays.com\/fr\/wp-json\/wp\/v2\/posts\/358526\/revisions"}],"wp:featuredmedia":[{"embeddable":true,"href":"https:\/\/www.europesays.com\/fr\/wp-json\/wp\/v2\/media\/358527"}],"wp:attachment":[{"href":"https:\/\/www.europesays.com\/fr\/wp-json\/wp\/v2\/media?parent=358526"}],"wp:term":[{"taxonomy":"category","embeddable":true,"href":"https:\/\/www.europesays.com\/fr\/wp-json\/wp\/v2\/categories?post=358526"},{"taxonomy":"post_tag","embeddable":true,"href":"https:\/\/www.europesays.com\/fr\/wp-json\/wp\/v2\/tags?post=358526"}],"curies":[{"name":"wp","href":"https:\/\/api.w.org\/{rel}","templated":true}]}}