{"id":358545,"date":"2025-09-01T15:11:10","date_gmt":"2025-09-01T15:11:10","guid":{"rendered":"https:\/\/www.europesays.com\/fr\/358545\/"},"modified":"2025-09-01T15:11:10","modified_gmt":"2025-09-01T15:11:10","slug":"un-nouveau-club-de-150-m%c2%b2-dedie-a-la-house-ouvre-ses-portes-a-lyon-cette-semaine","status":"publish","type":"post","link":"https:\/\/www.europesays.com\/fr\/358545\/","title":{"rendered":"Un nouveau club de 150 m\u00b2 d\u00e9di\u00e9 \u00e0 la house ouvre ses portes \u00e0 Lyon cette semaine"},"content":{"rendered":"<p data-start=\"427\" data-end=\"817\"><strong data-start=\"427\" data-end=\"499\">OLMA d\u00e9barque pour redonner du rythme \u00e0 la sc\u00e8ne nocturne lyonnaise.<\/strong> Exit le Terminal, place \u00e0 un club r\u00e9invent\u00e9 qui veut casser les codes tout en gardant l\u2019ADN \u00e9lectro de ses murs. Pens\u00e9 comme une exp\u00e9rience \u00e0 part enti\u00e8re, OLMA combine musique pointue, esth\u00e9tique immersive et ambiance chic pour s\u00e9duire aussi bien les clubbers aguerris que les curieux en qu\u00eate d\u2019un lieu diff\u00e9rent.<\/p>\n<p>&#13;<br \/>\n<strong>150 m\u00b2 d\u00e9di\u00e9s \u00e0 la house music<\/strong>&#13;<\/p>\n<p data-start=\"855\" data-end=\"1190\">La house sera la star d\u2019OLMA. Sur un espace de 150 m\u00b2 m\u00e9tamorphos\u00e9, les fondateurs ont mis\u00e9 sur une identit\u00e9 visuelle et sc\u00e9nographique forte, pens\u00e9e pour envelopper le public dans un univers vibrant. <strong>L\u2019id\u00e9e\u00a0? Cr\u00e9er un cocon \u00e9lectro o\u00f9 \u00e9l\u00e9gance et \u00e9nergie ne font qu\u2019un, et o\u00f9 chaque soir\u00e9e devient un v\u00e9ritable voyage sensoriel.<\/strong><\/p>\n<p>&#13;<\/p>\n<blockquote class=\"instagram-media\" data-instgrm-permalink=\"https:\/\/www.instagram.com\/p\/DNF3U5XIm-X\/?utm_source=ig_embed&amp;utm_campaign=loading\" data-instgrm-version=\"14\" style=\"background: #FFF; border: 0; border-radius: 3px; box-shadow: 0 0 1px 0 rgba(0,0,0,0.5),0 1px 10px 0 rgba(0,0,0,0.15); margin: 1px; max-width: 540px; min-width: 326px; padding: 0; width: calc(100% - 2px);\"><p>&#13;<br \/>\n&#13;\n<\/p><\/blockquote>\n<p>&#13;<br \/>\n&#13;<br \/>\n&#13;<br \/>\n<strong>Une ouverture qui annonce la couleur<\/strong>&#13;<\/p>\n<p data-start=\"1234\" data-end=\"1614\"><strong data-start=\"1234\" data-end=\"1306\">Le mercredi 4 septembre marquera le coup d\u2019envoi de cette nouvelle \u00e8re.<\/strong> <strong>Au programme\u00a0: une s\u00e9lection de DJ sets calibr\u00e9s pour faire vibrer le dancefloor et une mise en sc\u00e8ne graphique in\u00e9dite<\/strong>. L\u2019ouverture veut frapper fort, poser les bases et donner le ton d\u2019une programmation ambitieuse.<\/p>\n<p>&#13;<\/p>\n<blockquote class=\"instagram-media\" data-instgrm-permalink=\"https:\/\/www.instagram.com\/p\/DNVYPVIohaF\/?utm_source=ig_embed&amp;utm_campaign=loading\" data-instgrm-version=\"14\" style=\"background: #FFF; border: 0; border-radius: 3px; box-shadow: 0 0 1px 0 rgba(0,0,0,0.5),0 1px 10px 0 rgba(0,0,0,0.15); margin: 1px; max-width: 540px; min-width: 326px; padding: 0; width: calc(100% - 2px);\"><p>&#13;<br \/>\n&#13;\n<\/p><\/blockquote>\n<p>&#13;<br \/>\n&#13;<br \/>\n&#13;<\/p>\n<p data-start=\"1671\" data-end=\"1973\"><strong data-start=\"1671\" data-end=\"1733\">OLMA se r\u00eave en nouveau rendez-vous phare des noctambules.<\/strong> En misant sur une esth\u00e9tique raffin\u00e9e et une ligne artistique claire, le club entend s\u2019imposer comme une r\u00e9f\u00e9rence \u00e0 Lyon. Un lieu o\u00f9 l\u2019on ne vient pas seulement danser, mais vivre une exp\u00e9rience compl\u00e8te, entre son, image et atmosph\u00e8re.<\/p>\n<p>&#13;<\/p>\n<p data-start=\"1671\" data-end=\"1973\"><strong><a href=\"https:\/\/shotgun.live\/fr\/events\/openning-olma-club?fbclid=PAZXh0bgNhZW0CMTEAAaeyFXG1kcYSuiUqy6vmBycs2aZvzb79fRrsIDQWj3PXUNqG6ZO0o6z4-hZNoA_aem_veLL5qToMXCy2XnD5ATqdQ\" rel=\"nofollow noopener noreferrer\" target=\"_blank\">R\u00e9servations pour la soir\u00e9e d&rsquo;ouverture<\/a><\/strong><\/p>\n<p><script async src=\"\/\/www.instagram.com\/embed.js\"><\/script><\/p>\n","protected":false},"excerpt":{"rendered":"OLMA d\u00e9barque pour redonner du rythme \u00e0 la sc\u00e8ne nocturne lyonnaise. Exit le Terminal, place \u00e0 un club&hellip;\n","protected":false},"author":2,"featured_media":358546,"comment_status":"","ping_status":"","sticky":false,"template":"","format":"standard","meta":{"footnotes":""},"categories":[1889],"tags":[1111,11,2430,1777,674,1011,27,2428,12,25],"class_list":{"0":"post-358545","1":"post","2":"type-post","3":"status-publish","4":"format-standard","5":"has-post-thumbnail","7":"category-lyon","8":"tag-actu","9":"tag-actualites","10":"tag-auvergne-rhone-alpes","11":"tag-eu","12":"tag-europe","13":"tag-fr","14":"tag-france","15":"tag-lyon","16":"tag-news","17":"tag-republique-francaise"},"share_on_mastodon":{"url":"https:\/\/pubeurope.com\/@fr\/115129685675361751","error":""},"_links":{"self":[{"href":"https:\/\/www.europesays.com\/fr\/wp-json\/wp\/v2\/posts\/358545","targetHints":{"allow":["GET"]}}],"collection":[{"href":"https:\/\/www.europesays.com\/fr\/wp-json\/wp\/v2\/posts"}],"about":[{"href":"https:\/\/www.europesays.com\/fr\/wp-json\/wp\/v2\/types\/post"}],"author":[{"embeddable":true,"href":"https:\/\/www.europesays.com\/fr\/wp-json\/wp\/v2\/users\/2"}],"replies":[{"embeddable":true,"href":"https:\/\/www.europesays.com\/fr\/wp-json\/wp\/v2\/comments?post=358545"}],"version-history":[{"count":0,"href":"https:\/\/www.europesays.com\/fr\/wp-json\/wp\/v2\/posts\/358545\/revisions"}],"wp:featuredmedia":[{"embeddable":true,"href":"https:\/\/www.europesays.com\/fr\/wp-json\/wp\/v2\/media\/358546"}],"wp:attachment":[{"href":"https:\/\/www.europesays.com\/fr\/wp-json\/wp\/v2\/media?parent=358545"}],"wp:term":[{"taxonomy":"category","embeddable":true,"href":"https:\/\/www.europesays.com\/fr\/wp-json\/wp\/v2\/categories?post=358545"},{"taxonomy":"post_tag","embeddable":true,"href":"https:\/\/www.europesays.com\/fr\/wp-json\/wp\/v2\/tags?post=358545"}],"curies":[{"name":"wp","href":"https:\/\/api.w.org\/{rel}","templated":true}]}}