{"id":358547,"date":"2025-09-01T15:12:23","date_gmt":"2025-09-01T15:12:23","guid":{"rendered":"https:\/\/www.europesays.com\/fr\/358547\/"},"modified":"2025-09-01T15:12:23","modified_gmt":"2025-09-01T15:12:23","slug":"que-faire-a-lyon-en-septembre-2025-les-10-evenements-incontournables","status":"publish","type":"post","link":"https:\/\/www.europesays.com\/fr\/358547\/","title":{"rendered":"Que faire \u00e0 Lyon en septembre 2025 : les 10 \u00e9v\u00e9nements incontournables"},"content":{"rendered":"<p>\t\t\t\t\t\t\t\t<img data-recalc-dims=\"1\" fetchpriority=\"high\" decoding=\"async\" class=\"alignnone wp-image-135396 size-medium\" title=\"Que faire \u00e0 Lyon en septembre 2025 : les 10 \u00e9v\u00e9nements incontournables\" src=\"https:\/\/www.europesays.com\/fr\/wp-content\/uploads\/2025\/09\/530483501_18526700377017723_5392151705558519201_n.jpg\" alt=\"Que faire \u00e0 Lyon en septembre 2025 : les 10 \u00e9v\u00e9nements incontournables\" width=\"800\" height=\"1067\"  \/><\/p>\n<p>Septembre est l\u00e0 et Lyon sort doucement de sa torpeur estivale. Les gens rentrent de vacances, les nouveaux \u00e9tudiants d\u00e9barquent en masse et les lieux culturels rouvrent leurs portes. \u00c7a bouillonne dans tous les sens ! C\u2019est simple, on ne sait plus o\u00f9 donner de la t\u00eate !<\/p>\n<p>Entre danse, gospel, kayak, braderie et festivals insolites, la ville se transforme en terrain de jeu g\u00e9ant et on compte bien en profiter. On esp\u00e8re que vous aussi, alors, sortez les agendas et prenez des notes, voici les \u00e9v\u00e9nements \u00e0 ne pas manquer \u00e0 Lyon dans les prochains jours.<\/p>\n<p>Fort Fort Lointain, les 6 et 7 septembre 2025<\/p>\n<p><img loading=\"lazy\" data-recalc-dims=\"1\" decoding=\"async\" class=\"alignnone size-medium wp-image-135313\" src=\"https:\/\/www.europesays.com\/fr\/wp-content\/uploads\/2025\/09\/fort-fort-lointain.png\" alt=\"\" width=\"800\" height=\"304\"  \/><\/p>\n<p data-start=\"622\" data-end=\"904\"><strong>Le festival m\u00e9di\u00e9val fantasy \u00ab\u00a0Fort Fort Lointain\u00a0\u00bb revient pour une nouvelle \u00e9dition \u00e0 l\u2019Hippodrome de Parilly<\/strong>. Chevaliers, cr\u00e9atures fantastiques, d\u00e9fil\u00e9s costum\u00e9s et animations en tout genre vous plongent dans un univers f\u00e9erique et d\u00e9cal\u00e9. Un week-end d\u2019aventure en perspective pour les fans de mondes imaginaires !<br \/><a href=\"https:\/\/www.billetweb.fr\/fort-fort-lointain\" target=\"_blank\" rel=\"noopener nofollow\">Plus d\u2019infos<\/a><\/p>\n<p>Biennale de la Danse, du 6 au 28 septembre 2025<\/p>\n<p><img loading=\"lazy\" data-recalc-dims=\"1\" decoding=\"async\" class=\"alignnone size-medium wp-image-135314\" src=\"https:\/\/www.europesays.com\/fr\/wp-content\/uploads\/2025\/09\/Biennale-de-la-danse.jpg\" alt=\"\" width=\"800\" height=\"534\"  \/><\/p>\n<p data-start=\"961\" data-end=\"1277\"><strong>La 21e \u00e9dition de la Biennale de la Danse promet plus de 40 spectacles, dont 24 cr\u00e9ations et premi\u00e8res fran\u00e7aises.<\/strong> Des d\u00e9fil\u00e9s dans les rues aux performances dans les th\u00e9\u00e2tres, la ville vibre au rythme de la danse contemporaine. Un \u00e9v\u00e9nement \u00e0 ne pas manquer pour les amateurs de mouvements et de cr\u00e9ativit\u00e9. Et \u00e7a d\u00e9marre en fanfare avec le traditionnel grand d\u00e9fil\u00e9 sur la rue de la R\u00e9publique le dimanche 7 septembre. Plus de 200 danseurs venus de tous les quartiers de Lyon feront vibrer la Presqu\u2019\u00eele avec leur \u00e9nergie !<br \/><a href=\"https:\/\/www.labiennaledelyon.com\/programmation-2025\" target=\"_blank\" rel=\"noopener nofollow\">Plus d\u2019infos<\/a><\/p>\n<p>Grande Braderie de la Croix-Rousse, les 13 et 14 septembre 2025<\/p>\n<p><img data-recalc-dims=\"1\" loading=\"lazy\" decoding=\"async\" class=\"alignnone wp-image-135317 size-medium\" src=\"https:\/\/www.europesays.com\/fr\/wp-content\/uploads\/2025\/09\/518003942_1587029505903877_8619964202898859124_n-e1756314315945-800x351.png\" alt=\"\" width=\"800\" height=\"351\"  \/><\/p>\n<p data-start=\"2031\" data-end=\"2267\"><strong>Les rues de la Croix-Rousse se transforment en un immense march\u00e9 \u00e0 ciel ouvert.<\/strong> V\u00eatements, objets vintage, livres d\u2019occasion\u2026 il y en a pour tous les go\u00fbts et tous les budgets. Une occasion id\u00e9ale pour d\u00e9nicher des tr\u00e9sors insoup\u00e7onn\u00e9s.<br \/><a href=\"https:\/\/www.facebook.com\/events\/1060533252375188\" target=\"_blank\" rel=\"noopener nofollow\">Plus d\u2019infos<\/a><\/p>\n<p>Tupiniers du Vieux Lyon, les 13 et 14 septembre 2025<\/p>\n<p><img data-recalc-dims=\"1\" loading=\"lazy\" decoding=\"async\" class=\"alignnone size-medium wp-image-135318\" src=\"https:\/\/www.europesays.com\/fr\/wp-content\/uploads\/2025\/09\/493474501_1167005821892774_3148373083458875445_n.jpg\" alt=\"\" width=\"800\" height=\"338\"  \/><\/p>\n<p data-start=\"2323\" data-end=\"2555\"><strong>Les artisans potiers investissent les rues du Vieux Lyon pour une journ\u00e9e d\u00e9di\u00e9e \u00e0 la c\u00e9ramique.<\/strong> Expositions, d\u00e9monstrations et ventes d\u2019objets en terre cuite vous attendent dans ce quartier mill\u00e9naire. On adore !<br \/><a href=\"https:\/\/tupiniers.com\" target=\"_blank\" rel=\"noopener nofollow\">Plus d\u2019infos<\/a><\/p>\n<p>Karavel du 24 septembre au 26 octobre 2025<\/p>\n<p data-start=\"1632\" data-end=\"1963\"><img data-recalc-dims=\"1\" loading=\"lazy\" decoding=\"async\" class=\"alignnone size-medium wp-image-135316\" src=\"https:\/\/www.europesays.com\/fr\/wp-content\/uploads\/2025\/09\/505488385_1225994959537830_7849085470500492876_n.jpg\" alt=\"\" width=\"800\" height=\"296\"  \/><\/p>\n<p data-start=\"1632\" data-end=\"1963\"><strong>Le festival Karavel f\u00eate sa 19e \u00e9dition avec 50 compagnies, 78 repr\u00e9sentations et 47 lieux \u00e0 travers la M\u00e9tropole de Lyon<\/strong>. Des spectacles de danse hip-hop, des ateliers et des \u00e9v\u00e9nements gratuits vous attendent pour c\u00e9l\u00e9brer la culture urbaine. Si vous aimez la danse et la street culture, foncez !<br \/><a href=\"https:\/\/karavel.karavelkalypso.com\/\" target=\"_blank\" rel=\"noopener nofollow\">Plus d\u2019infos<\/a><\/p>\n<p>Festival IF les 27 et 28 septembre 2025<\/p>\n<p><img data-recalc-dims=\"1\" loading=\"lazy\" decoding=\"async\" class=\"alignnone size-medium wp-image-135315\" src=\"https:\/\/www.europesays.com\/fr\/wp-content\/uploads\/2025\/09\/514343869_598842659949540_5921145548863306577_n.jpg\" alt=\"\" width=\"800\" height=\"419\"  \/><\/p>\n<p data-start=\"1337\" data-end=\"1579\"><strong>L\u2019Illustration Festival (ou IF pour les intimes), reprend ses quartiers aux Subs pour une nouvelle \u00e9dition<\/strong> avec des expositions, des ateliers et des rencontres autour de l\u2019illustration et de la bande dessin\u00e9e. Un rendez-vous incontournable pour les amateurs d\u2019arts visuels et de cr\u00e9ations graphiques.<br \/><a href=\"https:\/\/illustration-festival.com\/\" target=\"_blank\" rel=\"noopener nofollow\">Plus d\u2019infos<\/a><\/p>\n<p>Journ\u00e9es Europ\u00e9ennes du Patrimoine du 19 au 21 septembre 2025<\/p>\n<p><img data-recalc-dims=\"1\" loading=\"lazy\" decoding=\"async\" class=\"alignnone size-medium wp-image-135305\" src=\"https:\/\/www.europesays.com\/fr\/wp-content\/uploads\/2025\/09\/1536X946.jpg\" alt=\"\" width=\"800\" height=\"493\"  \/><\/p>\n<p data-start=\"2628\" data-end=\"2888\"><strong>Profitez de ce week-end pour red\u00e9couvrir Lyon sous un autre angle.<\/strong> Mus\u00e9es, monuments et sites historiques ouvrent leurs portes gratuitement pour des visites guid\u00e9es, des expositions et des animations. Une occasion unique de plonger dans l\u2019histoire de la ville, et ce, d\u2019autant plus que certains lieux habituellement ferm\u00e9s au public pourront \u00eatre visit\u00e9s ! (on vous pr\u00e9pare d\u2019ailleurs un article avec nos coups de coeur. Il sera bient\u00f4t en ligne !).<br \/><a href=\"http:\/\/jep.grandlyon.com\/?source=agendamoisLCC\" target=\"_blank\" rel=\"noopener nofollow\">Plus d\u2019infos<\/a><\/p>\n<p>AiRT de Famille du 20 septembre au 30 novembre 2025<\/p>\n<p><img data-recalc-dims=\"1\" loading=\"lazy\" decoding=\"async\" class=\"alignnone size-medium wp-image-135320\" src=\"https:\/\/www.europesays.com\/fr\/wp-content\/uploads\/2025\/09\/499764130_705265372048710_6278088001446672480_n.jpg\" alt=\"\" width=\"800\" height=\"508\"  \/><\/p>\n<p data-start=\"2950\" data-end=\"3232\"><strong>Ce festival artistique participatif transforme le Centre d\u2019\u00c9changes de Lyon Perrache en un lieu d\u2019exposition unique.<\/strong> Apr\u00e8s une collecte d\u2019objets aupr\u00e8s des habitants, des artistes investissent les lieux pour cr\u00e9er des \u0153uvres collectives. Une exp\u00e9rience artistique et immersive qui nous bluffe chaque ann\u00e9e, on a tr\u00e8s h\u00e2te de d\u00e9couvrir cette nouvelle \u00e9dition !<br \/><a href=\"https:\/\/airtdefamille.fr\/\" target=\"_blank\" rel=\"noopener nofollow\">Plus d\u2019infos<\/a><\/p>\n<p>Exposition immersive Titanic du 30 septembre 2025 au 31 mars 2026<\/p>\n<p><img data-recalc-dims=\"1\" loading=\"lazy\" decoding=\"async\" class=\"alignnone size-medium wp-image-135321\" src=\"https:\/\/www.europesays.com\/fr\/wp-content\/uploads\/2025\/09\/17c45146-571b-11f0-9502-ee1cd713be14.jpg-800x542.jpg\" alt=\"\" width=\"800\" height=\"542\"  \/><\/p>\n<p data-start=\"3290\" data-end=\"3530\">C\u2019est certainement l\u2019une des expos les plus attendues de la rentr\u00e9e. La Sucri\u00e8re va vous plonger dans l\u2019univers du Titanic avec une expo immersive qui vous fait voyager comme si vous \u00e9tiez \u00e0 bord du paquebot. Entre cabines reconstitu\u00e9es, animations vid\u00e9o et vues 3D, pr\u00e9parez-vous \u00e0 vivre l\u2019histoire de l\u2019une des plus grandes trag\u00e9dies maritimes comme jamais auparavant.<br \/><a href=\"https:\/\/fever.pxf.io\/MA1oLn\" target=\"_blank\" rel=\"noopener nofollow\">Plus d\u2019infos<\/a><\/p>\n<p>Lyon Kayak les 20 et 21 septembre 2025<\/p>\n<p><img data-recalc-dims=\"1\" loading=\"lazy\" decoding=\"async\" class=\"alignnone size-medium wp-image-108240\" src=\"https:\/\/www.europesays.com\/fr\/wp-content\/uploads\/2025\/09\/Lyon-Kayak.jpg\" alt=\"\" width=\"800\" height=\"443\"  \/><\/p>\n<p data-start=\"3574\" data-end=\"3802\"><strong>Envie de d\u00e9couvrir Lyon sous un autre angle ? L<\/strong>ouez un kayak entre potes, en famille ou avec vos meilleurs coll\u00e8gues et participez \u00e0 la grande travers\u00e9e de Lyon sur la Sa\u00f4ne. Une mani\u00e8re originale et (un peu) sportive de visiter la ville, avec des vues imprenables sur les quais et les ponts.<br \/><a href=\"https:\/\/fever.pxf.io\/MA1oLn\" target=\"_blank\" rel=\"noopener nofollow\">Plus d\u2019infos<\/a><\/p>\n<p data-start=\"3809\" data-end=\"3944\">Avec ce planning, impossible de s\u2019ennuyer ! Septembre \u00e0 Lyon, c\u2019est la promesse d\u2019un mois de d\u00e9couvertes, d\u2019arts et de fun \u00e0 gogo ! Vous \u00eates pr\u00eats ?<\/p>\n<p data-start=\"3809\" data-end=\"3944\"><strong>La photo qui illustre l\u2019article a \u00e9t\u00e9 prise par <a href=\"https:\/\/www.instagram.com\/prescilliacorcionephotographie\/\" target=\"_blank\" rel=\"noopener nofollow\">@prescilliacorcionephotographie<\/a><\/strong><strong>. Si vous voulez qu\u2019une de vos photos illustre un de nos articles, postez-la sur Instagram, en identifiant notre compte @<a href=\"https:\/\/www.instagram.com\/lyon_citycrunch\/\" target=\"_blank\" rel=\"noopener nofollow\">lyon_citycrunch<\/a>.<\/strong><\/p>\n<p>\t\t\t\t\t\t\t<a href=\"https:\/\/action.metaffiliation.com\/trk.php?mclic=P51309B52224521B41\" rel=\"nofollow noopener\" target=\"_blank\"><img decoding=\"async\" src=\"https:\/\/www.europesays.com\/fr\/wp-content\/uploads\/2025\/06\/trk\"\/><\/a>Ne rate plus aucun de nos bons plans sorties \u00e0 Lyon  Abonne-toi \u00e0 notre newsletter et re\u00e7ois, tous les vendredis midi, dans ta boite mail nos bons plans du week-end et nos derniers coups de coeur en mati\u00e8re de bars, caf\u00e9s et restos. <br \/>\ud83d\udc49\ud83c\udffb <b><a href=\"https:\/\/dashboard.mailerlite.com\/forms\/354999\/83421925757421043\/share\" rel=\"nofollow noopener\" target=\"_blank\">Inscris-toi, c&rsquo;est GRATUIT !<\/a><\/b><\/p>\n<p><script async src=\"\/\/www.instagram.com\/embed.js\"><\/script><\/p>\n","protected":false},"excerpt":{"rendered":"Septembre est l\u00e0 et Lyon sort doucement de sa torpeur estivale. Les gens rentrent de vacances, les nouveaux&hellip;\n","protected":false},"author":2,"featured_media":358548,"comment_status":"","ping_status":"","sticky":false,"template":"","format":"standard","meta":{"footnotes":""},"categories":[1889],"tags":[1111,11,2430,1777,674,1011,27,2428,12,25],"class_list":{"0":"post-358547","1":"post","2":"type-post","3":"status-publish","4":"format-standard","5":"has-post-thumbnail","7":"category-lyon","8":"tag-actu","9":"tag-actualites","10":"tag-auvergne-rhone-alpes","11":"tag-eu","12":"tag-europe","13":"tag-fr","14":"tag-france","15":"tag-lyon","16":"tag-news","17":"tag-republique-francaise"},"share_on_mastodon":{"url":"https:\/\/pubeurope.com\/@fr\/115129689637975163","error":""},"_links":{"self":[{"href":"https:\/\/www.europesays.com\/fr\/wp-json\/wp\/v2\/posts\/358547","targetHints":{"allow":["GET"]}}],"collection":[{"href":"https:\/\/www.europesays.com\/fr\/wp-json\/wp\/v2\/posts"}],"about":[{"href":"https:\/\/www.europesays.com\/fr\/wp-json\/wp\/v2\/types\/post"}],"author":[{"embeddable":true,"href":"https:\/\/www.europesays.com\/fr\/wp-json\/wp\/v2\/users\/2"}],"replies":[{"embeddable":true,"href":"https:\/\/www.europesays.com\/fr\/wp-json\/wp\/v2\/comments?post=358547"}],"version-history":[{"count":0,"href":"https:\/\/www.europesays.com\/fr\/wp-json\/wp\/v2\/posts\/358547\/revisions"}],"wp:featuredmedia":[{"embeddable":true,"href":"https:\/\/www.europesays.com\/fr\/wp-json\/wp\/v2\/media\/358548"}],"wp:attachment":[{"href":"https:\/\/www.europesays.com\/fr\/wp-json\/wp\/v2\/media?parent=358547"}],"wp:term":[{"taxonomy":"category","embeddable":true,"href":"https:\/\/www.europesays.com\/fr\/wp-json\/wp\/v2\/categories?post=358547"},{"taxonomy":"post_tag","embeddable":true,"href":"https:\/\/www.europesays.com\/fr\/wp-json\/wp\/v2\/tags?post=358547"}],"curies":[{"name":"wp","href":"https:\/\/api.w.org\/{rel}","templated":true}]}}