{"id":358565,"date":"2025-09-01T15:21:10","date_gmt":"2025-09-01T15:21:10","guid":{"rendered":"https:\/\/www.europesays.com\/fr\/358565\/"},"modified":"2025-09-01T15:21:10","modified_gmt":"2025-09-01T15:21:10","slug":"video-cest-comme-les-etats-unis-le-motel-restaurant-retro-qui-raconte-lhistoire-dun-aerodrome","status":"publish","type":"post","link":"https:\/\/www.europesays.com\/fr\/358565\/","title":{"rendered":"VID\u00c9O &#8211; \u00ab\u00a0C\u2019est comme les \u00c9tats-Unis\u00a0!\u201d : le motel-restaurant r\u00e9tro qui raconte l\u2019histoire d&rsquo;un a\u00e9rodrome"},"content":{"rendered":"<p>\u00c0 Abbeville, dans la Somme, un motel-restaurant unique en France transporte les visiteurs dans un d\u00e9cor digne d\u2019un film am\u00e9ricain. Construit dans les ann\u00e9es 60, il incarne l\u2019histoire singuli\u00e8re d\u2019un a\u00e9rodrome dont l\u2019avenir reste incertain.  <\/p>\n<p>Dans les ann\u00e9es 1960, le gouvernement mise sur le d\u00e9veloppement du tourisme a\u00e9rien et imagine la cr\u00e9ation de 150 relais air-route \u00e0 travers la France. Les pilotes doivent pouvoir y trouver une assistance m\u00e9canique, faire le plein, se restaurer et dormir. Mais tr\u00e8s peu de ces projets voient finalement le jour.<\/p>\n<p><a href=\"https:\/\/www.youtube.com\/watch?v=2J1iVJ7sAtk\" target=\"_blank\" rel=\"noopener noreferrer nofollow\" class=\"Youtube svelte-15adm43\" style=\"background-image: url(https:\/\/i.ytimg.com\/vi\/2J1iVJ7sAtk\/sddefault.jpg);\"><\/p>\n<p>LITHDF \/ D\u00e9couverte Le dernier Motel de la r\u00e9gion \u00e0 l&rsquo;a\u00e9roclub d&rsquo;Abbeville<\/p>\n<p> <\/a> Un t\u00e9moin unique de l\u2019histoire a\u00e9rienne<\/p>\n<p>\u00ab\u00a0Il y en a eu quatre qui ont \u00e9t\u00e9 construits sur absolument le m\u00eame mod\u00e8le. Ne reste, en \u00e9tat de fonctionnement dans la structure d&rsquo;origine, que le n\u00f4tre, celui d&rsquo;Abbeville\u201d, raconte Fran\u00e7oise Stockeel, secr\u00e9taire g\u00e9n\u00e9rale de l\u2019a\u00e9rodrome. Inaugur\u00e9 en 1965, l\u2019\u00e9difice est rest\u00e9 inchang\u00e9\u00a0: \u00ab\u00a0L&rsquo;architecture est rest\u00e9e la m\u00eame\u201d, souligne-t-elle avec fiert\u00e9.<\/p>\n<p>Un voyage dans le temps<\/p>\n<p>D\u00e9couvrir le motel-restaurant d\u2019Abbeville, c\u2019est plonger dans un d\u00e9cor de film am\u00e9ricain. \u201cC&rsquo;est ce qui fait tout le charme de l&rsquo;a\u00e9rodrome\u201d, estime Romain Fecamp, employ\u00e9 polyvalent. Selon lui, la magie op\u00e8re chaque matin\u00a0: \u00ab\u00a0Les gens aiment bien se lever avec une vue sur l&rsquo;a\u00e9rodrome, avec les paramoteurs, les ULM qui volent, les sauts en parachute\u2026\u00a0Ils sont \u00e9poustoufl\u00e9s et ravis\u201d<\/p>\n<p><img loading=\"lazy\" decoding=\"async\" class=\"VisualPreview svelte-1rldrkz\" src=\"data:image\/jpeg;base64,\/9j\/2wBDACgcHiMeGSgjISMtKygwPGRBPDc3PHtYXUlkkYCZlo+AjIqgtObDoKrarYqMyP\/L2u71\/\/\/\/m8H\/\/\/\/6\/+b9\/\/j\/2wBDASstLTw1PHZBQXb4pYyl+Pj4+Pj4+Pj4+Pj4+Pj4+Pj4+Pj4+Pj4+Pj4+Pj4+Pj4+Pj4+Pj4+Pj4+Pj4+Pj4+Pj\/wAARCAAXACoDASIAAhEBAxEB\/8QAGAABAQEBAQAAAAAAAAAAAAAAAQACAwT\/xAAWEAEBAQAAAAAAAAAAAAAAAAAAARH\/xAAWAQEBAQAAAAAAAAAAAAAAAAAAAgH\/xAAWEQEBAQAAAAAAAAAAAAAAAAAAEQH\/2gAMAwEAAhEDEQA\/APLrWuenRraZlOhBQaAjGrUgMrUqQvDoSFx\/\/9k=\" alt=\"Romain Fecamp, employ\u00e9 polyvalent, constate l'attachement des clients \u00e0 ce lieu rare en son genre\" width=\"600\" height=\"337\"\/>  Romain Fecamp, employ\u00e9 polyvalent, constate l&rsquo;attachement des clients \u00e0 ce lieu rare en son genre \u00a9 France T\u00e9l\u00e9visions Dix ans de difficult\u00e9s<\/p>\n<p>Mais derri\u00e8re cette image de carte postale, la r\u00e9alit\u00e9 \u00e9conomique est plus rude. Depuis une dizaine d\u2019ann\u00e9es, les coups durs se multiplient\u00a0: la pand\u00e9mie, une piste n\u00e9cessitant une r\u00e9fection tr\u00e8s co\u00fbteuse et, surtout, la perte du statut de point de passage frontalier en 2016. \u201cLes \u00e9trangers, hormis ceux qui sont dans l&rsquo;espace Schengen, ne peuvent plus d\u00e9douaner\u201d, explique Jean-Jacques Monvoisin, directeur de l\u2019a\u00e9rodrome. \u00ab\u00a0Ils sont oblig\u00e9s d\u2019aller sur un terrain comme Beauvais, Albert ou Le Touquet. Et forc\u00e9ment, s\u2019ils descendent dans le sud, ils ne vont pas refaire une halte \u00e0 Abbeville. De ce fait, on a perdu \u00e9norm\u00e9ment d\u2019avions.\u201d<\/p>\n<p>Une fr\u00e9quentation en chute libre<\/p>\n<p>En quelques ann\u00e9es, la fr\u00e9quentation de l\u2019a\u00e9rodrome a diminu\u00e9 de plus de 50 %, entra\u00eenant une baisse d\u2019activit\u00e9 significative pour le motel-restaurant. Pourtant, le charme du lieu s\u00e9duit encore de nombreux visiteurs. Joke Den Hollander, touriste venue des Pays-Bas, se souvient de sa premi\u00e8re impression\u00a0: \u00ab\u00a0Mon mari a choisi l&rsquo;h\u00f4tel, et quand nous sommes arriv\u00e9s, j&rsquo;ai dit\u00a0: oh, c&rsquo;est comme les \u00c9tats-Unis\u00a0!\u201d<\/p>\n<p> <img loading=\"lazy\" decoding=\"async\" class=\"VisualPreview svelte-1rldrkz\" src=\"data:image\/jpeg;base64,\/9j\/2wBDACgcHiMeGSgjISMtKygwPGRBPDc3PHtYXUlkkYCZlo+AjIqgtObDoKrarYqMyP\/L2u71\/\/\/\/m8H\/\/\/\/6\/+b9\/\/j\/2wBDASstLTw1PHZBQXb4pYyl+Pj4+Pj4+Pj4+Pj4+Pj4+Pj4+Pj4+Pj4+Pj4+Pj4+Pj4+Pj4+Pj4+Pj4+Pj4+Pj4+Pj\/wAARCAAXACoDASIAAhEBAxEB\/8QAFwAAAwEAAAAAAAAAAAAAAAAAAAEDAv\/EABgQAQEBAQEAAAAAAAAAAAAAAAABEgIR\/8QAFQEBAQAAAAAAAAAAAAAAAAAAAAH\/xAAUEQEAAAAAAAAAAAAAAAAAAAAA\/9oADAMBAAIRAxEAPwC+mp0ho50C+i0loaBS9FpK9FoGJWvQEUelaABWl6Ag\/9k=\" alt=\"Une d\u00e9marche pour faire classer le b\u00e2timent est \u00e0 l'\u00e9tude\" width=\"600\" height=\"337\"\/>  Une d\u00e9marche pour faire classer le b\u00e2timent est \u00e0 l&rsquo;\u00e9tude \u00a9 France T\u00e9l\u00e9visions <\/p>\n<p>Aujourd\u2019hui, des passionn\u00e9s se mobilisent pour pr\u00e9server ce site unique et son histoire. Ils envisagent m\u00eame une d\u00e9marche pour faire classer le b\u00e2timent, ordinaire en Am\u00e9rique, mais\u00a0tout \u00e0 fait atypique de ce c\u00f4t\u00e9 de l\u2019Atlantique.<\/p>\n<p><strong>Reportage\u00a0: J.Guery \/ G.Destombes \/ F.Blancquart \/ C.Marquant de France 3 Littoral Hauts-de France<\/strong><\/p>\n","protected":false},"excerpt":{"rendered":"\u00c0 Abbeville, dans la Somme, un motel-restaurant unique en France transporte les visiteurs dans un d\u00e9cor digne d\u2019un&hellip;\n","protected":false},"author":2,"featured_media":358566,"comment_status":"","ping_status":"","sticky":false,"template":"","format":"standard","meta":{"footnotes":""},"categories":[1589],"tags":[11,73,1866,12,1864,1865,1863,308],"class_list":{"0":"post-358565","1":"post","2":"type-post","3":"status-publish","4":"format-standard","5":"has-post-thumbnail","7":"category-etats-unis","8":"tag-actualites","9":"tag-etats-unis","10":"tag-etats-unis-damerique","11":"tag-news","12":"tag-united-states","13":"tag-united-states-of-america","14":"tag-us","15":"tag-usa"},"share_on_mastodon":{"url":"https:\/\/pubeurope.com\/@fr\/115129724699251853","error":""},"_links":{"self":[{"href":"https:\/\/www.europesays.com\/fr\/wp-json\/wp\/v2\/posts\/358565","targetHints":{"allow":["GET"]}}],"collection":[{"href":"https:\/\/www.europesays.com\/fr\/wp-json\/wp\/v2\/posts"}],"about":[{"href":"https:\/\/www.europesays.com\/fr\/wp-json\/wp\/v2\/types\/post"}],"author":[{"embeddable":true,"href":"https:\/\/www.europesays.com\/fr\/wp-json\/wp\/v2\/users\/2"}],"replies":[{"embeddable":true,"href":"https:\/\/www.europesays.com\/fr\/wp-json\/wp\/v2\/comments?post=358565"}],"version-history":[{"count":0,"href":"https:\/\/www.europesays.com\/fr\/wp-json\/wp\/v2\/posts\/358565\/revisions"}],"wp:featuredmedia":[{"embeddable":true,"href":"https:\/\/www.europesays.com\/fr\/wp-json\/wp\/v2\/media\/358566"}],"wp:attachment":[{"href":"https:\/\/www.europesays.com\/fr\/wp-json\/wp\/v2\/media?parent=358565"}],"wp:term":[{"taxonomy":"category","embeddable":true,"href":"https:\/\/www.europesays.com\/fr\/wp-json\/wp\/v2\/categories?post=358565"},{"taxonomy":"post_tag","embeddable":true,"href":"https:\/\/www.europesays.com\/fr\/wp-json\/wp\/v2\/tags?post=358565"}],"curies":[{"name":"wp","href":"https:\/\/api.w.org\/{rel}","templated":true}]}}