{"id":358585,"date":"2025-09-01T15:31:15","date_gmt":"2025-09-01T15:31:15","guid":{"rendered":"https:\/\/www.europesays.com\/fr\/358585\/"},"modified":"2025-09-01T15:31:15","modified_gmt":"2025-09-01T15:31:15","slug":"blesse-clement-castets-ne-disputera-pas-le-championnat-neo-zelandais","status":"publish","type":"post","link":"https:\/\/www.europesays.com\/fr\/358585\/","title":{"rendered":"bless\u00e9, Cl\u00e9ment Castets ne disputera pas le championnat n\u00e9o-z\u00e9landais"},"content":{"rendered":"<p>L\u2019ex-pilier du Stade Fran\u00e7ais, parti \u00e0 Manawatu pour disputer le NPC, s\u2019est de nouveau lux\u00e9 l\u2019\u00e9paule.<\/p>\n<p class=\"fig-paragraph\">\u00c7a devait \u00eatre l\u2019aventure d\u2019une vie. \u00c0 29 ans, et apr\u00e8s huit saisons de Top 14 sous le maillot du Stade Toulousain puis du Stade Fran\u00e7ais, le pilier Cl\u00e9ment Castets avait fait le choix de poursuivre sa carri\u00e8re \u00e0 l\u2019autre bout de la plan\u00e8te ovale, en Nouvelle-Z\u00e9lande.<\/p>\n<p class=\"fig-paragraph\">Le Toulousain s\u2019\u00e9tait donc engag\u00e9 avec le club des Turbos de Manawatu pour disputer le championnat national n\u00e9o-z\u00e9landais, le NPC. H\u00e9las pour lui, l\u2019aventure tourne court pour le moment.<\/p>\n<p>                                    <a class=\"fig-a11y-skip a11y-hidden\" href=\"#fig-a11y-skip-main-inarticle\"><br \/>\n        Passer la publicit\u00e9<br \/>\n    <\/a><\/p>\n<p>Luxation de l\u2019\u00e9paule<\/p>\n<p class=\"fig-paragraph\">Cl\u00e9ment Castets, qui n\u2019a pas disput\u00e9 la moindre minute sous ses nouvelles couleurs, a en effet \u00e9t\u00e9 victime d\u2019une luxation de son \u00e9paule d\u00e9j\u00e0 touch\u00e9e deux fois,<a href=\"https:\/\/podcast.ausha.co\/korero-rugby?fbclid=PAdGRjcAMidJxleHRuA2FlbQIxMQABp0ALsZnFxr5iHTKsih9u80kvpPN4Io8RhXNDuKoX0XIzPu5hOxIGyiwb9u4a_aem_c-7DMX2nWZ3fhjeJRbaa_Q\" target=\"_blank\" rel=\"sponsored noopener\" data-gtm-custom-categorie=\"navigation\" data-gtm-custom-action=\"crossclick\" data-gtm-custom-label=\"Contextuel\" data-gtm-event=\"customEventSPE\">\u00a0selon les informations du podcast Korero Rugby.<\/a>\u00a0En accord avec un chirurgien, il avait d\u00e9cid\u00e9 de ne pas se faire op\u00e9rer. Cette fois, il va sans doute devoir subir une intervention.<\/p>\n<p class=\"fig-paragraph\">Quoi qu\u2019il en soit, il ne disputera pas le NPC, qui a d\u00e9but\u00e9 fin juillet pour se terminer fin septembre. Une saison blanche pour Cl\u00e9ment Castets qui esp\u00e9rait se faire remarquer pour, pourquoi pas, int\u00e9grer une franchise de Super Rugby.<\/p>\n","protected":false},"excerpt":{"rendered":"L\u2019ex-pilier du Stade Fran\u00e7ais, parti \u00e0 Manawatu pour disputer le NPC, s\u2019est de nouveau lux\u00e9 l\u2019\u00e9paule. \u00c7a devait&hellip;\n","protected":false},"author":2,"featured_media":358586,"comment_status":"","ping_status":"","sticky":false,"template":"","format":"standard","meta":{"footnotes":""},"categories":[1416],"tags":[1011,27,13071,479,1468,60,2558],"class_list":{"0":"post-358585","1":"post","2":"type-post","3":"status-publish","4":"format-standard","5":"has-post-thumbnail","7":"category-rugby","8":"tag-fr","9":"tag-france","10":"tag-nouvelle-zelande","11":"tag-rugby","12":"tag-rugby-football","13":"tag-sports","14":"tag-stade-francais"},"share_on_mastodon":{"url":"https:\/\/pubeurope.com\/@fr\/115129764209668387","error":""},"_links":{"self":[{"href":"https:\/\/www.europesays.com\/fr\/wp-json\/wp\/v2\/posts\/358585","targetHints":{"allow":["GET"]}}],"collection":[{"href":"https:\/\/www.europesays.com\/fr\/wp-json\/wp\/v2\/posts"}],"about":[{"href":"https:\/\/www.europesays.com\/fr\/wp-json\/wp\/v2\/types\/post"}],"author":[{"embeddable":true,"href":"https:\/\/www.europesays.com\/fr\/wp-json\/wp\/v2\/users\/2"}],"replies":[{"embeddable":true,"href":"https:\/\/www.europesays.com\/fr\/wp-json\/wp\/v2\/comments?post=358585"}],"version-history":[{"count":0,"href":"https:\/\/www.europesays.com\/fr\/wp-json\/wp\/v2\/posts\/358585\/revisions"}],"wp:featuredmedia":[{"embeddable":true,"href":"https:\/\/www.europesays.com\/fr\/wp-json\/wp\/v2\/media\/358586"}],"wp:attachment":[{"href":"https:\/\/www.europesays.com\/fr\/wp-json\/wp\/v2\/media?parent=358585"}],"wp:term":[{"taxonomy":"category","embeddable":true,"href":"https:\/\/www.europesays.com\/fr\/wp-json\/wp\/v2\/categories?post=358585"},{"taxonomy":"post_tag","embeddable":true,"href":"https:\/\/www.europesays.com\/fr\/wp-json\/wp\/v2\/tags?post=358585"}],"curies":[{"name":"wp","href":"https:\/\/api.w.org\/{rel}","templated":true}]}}