{"id":358589,"date":"2025-09-01T15:34:17","date_gmt":"2025-09-01T15:34:17","guid":{"rendered":"https:\/\/www.europesays.com\/fr\/358589\/"},"modified":"2025-09-01T15:34:17","modified_gmt":"2025-09-01T15:34:17","slug":"people-motogp-tous-les-pilotes-yamaha-ont-fait-un-tour-chez-aspar-pour-le-blu-cru-master-camp-2025","status":"publish","type":"post","link":"https:\/\/www.europesays.com\/fr\/358589\/","title":{"rendered":"People MotoGP : Tous les pilotes Yamaha ont fait un tour chez Aspar pour le Blu Cru Master Camp 2025&#8230;"},"content":{"rendered":"<p><strong>Prolongation internationale du <a href=\"https:\/\/www.paddock-gp.com\/?s=blu+cru\" target=\"_blank\" rel=\"noopener\">Yamaha Blu Cru Master Camp<\/a> organis\u00e9<\/strong> <strong>\u00e0 plusieurs reprises<\/strong><strong>\u00a0au <a href=\"https:\/\/www.paddock-gp.com\/?s=clastres\" target=\"_blank\" rel=\"noopener\">P\u00f4le M\u00e9canique de la Clef des Champs \u00e0 Clastres<\/a>, le stage de quatre jours a accueilli du 27 au 31 ao\u00fbt les 10 pilotes s\u00e9lectionn\u00e9s sur le complexe Aspar Motorsport, au Sud de Valence, en Espagne, afin de recevoir les conseils de tous les pilotes <a href=\"https:\/\/www.motogp.com\/\" target=\"_blank\" rel=\"noopener\">MotoGP<\/a> et <a href=\"https:\/\/www.worldsbk.com\/\" target=\"_blank\" rel=\"noopener\">WorldSBK<\/a> de la firme aux trois diapasons.<\/strong><\/p>\n<p>4 jours, 10 pilotes de 8 pays et 5 continents, et toute une foule d\u2019activit\u00e9s \u00e9taient au programme de la premi\u00e8re \u00e9dition du Master Camp depuis la fin du partenariat de longue date entre Yamaha et VR46 en 2024.<br \/>Initialement lanc\u00e9 en 2016 sous le nom de Yamaha VR46 Master Camp, le programme est d\u00e9sormais pleinement int\u00e9gr\u00e9 au programme prim\u00e9 BLU CRU de Yamaha. Avec de nouveaux venus comme le BLU CRU Pramac Yamaha Moto2 Team et le Prima Pramac Yamaha MotoGP Team introduits en 2025, Yamaha offre d\u00e9sormais les parcours de progression les plus directs et les plus encadr\u00e9s, de la comp\u00e9tition amateur au sommet de la discipline.<\/p>\n<p>Le programme de courses sur route BLU CRU est au c\u0153ur de cette mission. Il offre un parcours clair et structur\u00e9, depuis la comp\u00e9tition nationale jusqu\u2019\u00e0 la Coupe du Monde FIM R3 BLU CRU, en passant par les coupes et championnats r\u00e9gionaux Yamaha R3. Ensuite, les pilotes les plus performants peuvent acc\u00e9der au nouveau Championnat du Monde FIM Sportbike 2026, avant d\u2019acc\u00e9der au Championnat du Monde FIM Supersport, avec pour objectif ultime de d\u00e9crocher une place en WorldSBK, voire en MotoGP avec Yamaha.<\/p>\n<p><strong>Les heureux et heureuse \u00e9lus, \u00e2g\u00e9s de 15 \u00e0 18 ans :\u00a0<\/strong><br \/>Natalia Rivera (Espagne)<br \/>Alessandro di Persio (Italie)<br \/>Leonardo Marques (Br\u00e9sil)<br \/>Christopher Clark (\u00c9tats-Unis)<br \/>Mario Salles Neto (Br\u00e9sil)<br \/>Arai Agaska (Indon\u00e9sie)<br \/>Hinata Okada (Japon)<br \/>Valentino Knezovic (Australie)<br \/>Thanakit Pratumtong (Tha\u00eflande)<br \/>Rintaro Takemoto (Japon)<\/p>\n<p>\u00a0<\/p>\n<p>Afin d\u2019encadrer et de motiver ces jeunes espoirs, Yamaha a sorti le tr\u00e8s grand jeu, avec entre autres, r\u00e9partis au fil des 4 jours :<br \/><strong>Fabio Quartararo<\/strong> (Monster Energy Yamaha MotoGP),<br \/><strong>Alex Rins<\/strong> (Monster Energy Yamaha MotoGP),<br \/><strong>Jack Miller<\/strong> (Prima Pramac Yamaha MotoGP),<br \/><strong>Miguel Oliveira<\/strong> (Prima Pramac Yamaha MotoGP),<br \/><strong>Izan Guevara<\/strong> (BLU CRU Pramac Yamaha Moto2 Team),<br \/><strong>Tony Arbolino<\/strong> (BLU CRU Pramac Yamaha Moto2 Team),<br \/> <strong>Jonathan Rea<\/strong> (Pata Maxus Yamaha WorldSBK Official Team),<br \/><strong>Andrea Locatelli<\/strong> (Pata Maxus Yamaha WorldSBK Official Team),<br \/><strong>Remy Gardner<\/strong> (GYTR GRT Yamaha WorldSBK Team),<br \/><strong>Stefano Manzi (<\/strong>Pata Yamaha Ten Kate Racing WorldSSP Supported Team).<\/p>\n<p>Au programme du Yamaha BLU CRU Master Camp 2025, cours th\u00e9oriques, activit\u00e9s physiques et pratique de plusieurs disciplines motos, voire jet-ski et karting, font de ce stage un moment v\u00e9ritablement aussi agr\u00e9able que b\u00e9n\u00e9fique.<br \/>Et au final, si les espoirs ont \u00e0 coup s\u00fbr v\u00e9cu un moment inoubliable, les t\u00eates d\u2019affiches ne sont sans doute pas ceux qui se sont le moins amus\u00e9s\u2026<\/p>\n<p>Quelques r\u00e9actions parmi d\u2019autres :<\/p>\n<p class=\"typography__RegularTextLevel2-sc-13a7b3p-5 cNobdp\"><strong>Remy Gardner<\/strong> : \u00ab\u00a0Le programme Yamaha BLU CRU est g\u00e9nial ! C\u2019est une excellente initiative qui offre un parcours direct et structur\u00e9, de la comp\u00e9tition amateur au plus haut niveau. C\u2019est un v\u00e9ritable tremplin et un soutien \u00e0 chaque \u00e9tape. C\u2019est quelque chose qui n\u2019existait pas quand j\u2019\u00e9tais jeune, et j\u2019aurais aim\u00e9 que ce soit le cas, car j\u2019aurais ador\u00e9. Le Master Camp Yamaha BLU CRU offre \u00e0 ces dix pilotes une occasion formidable et amusante de sortir, de s\u2019amuser, de progresser, de perfectionner leurs comp\u00e9tences et de les mettre en pratique sur la piste. J\u2019ai aussi vraiment h\u00e2te de partir avec eux demain pour rouler sur un flat track\u2026 j\u2019esp\u00e8re qu\u2019ils seront indulgents avec moi !\u00a0\u00bb<\/p>\n<p><img loading=\"lazy\" decoding=\"async\" class=\"aligncenter size-full wp-image-1324501\" src=\"https:\/\/www.europesays.com\/fr\/wp-content\/uploads\/2025\/09\/gardner.jpg\" alt=\"\" width=\"800\" height=\"533\"  \/><\/p>\n<p class=\"typography__RegularTextLevel3-sc-13a7b3p-6 UfwRr\"><strong>Jonathan Rea<\/strong> : \u00ab\u00a0C\u2019\u00e9tait une journ\u00e9e vraiment g\u00e9niale ! Surtout parce que beaucoup de pilotes n\u2019avaient jamais fait de flat track auparavant, et m\u00eame apr\u00e8s les s\u00e9ances d\u2019entra\u00eenement techniques difficiles de ce matin, ils m\u2019ont impressionn\u00e9. C\u2019\u00e9tait amusant de rouler avec eux et de leur apprendre le flat track, car m\u00eame si cela demande des comp\u00e9tences diff\u00e9rentes, celles-ci sont transf\u00e9rables \u00e0 la course sur route. Le flat track est synonyme de perte d\u2019adh\u00e9rence, et en course sur route, cela arrive souvent, et c\u2019est la fa\u00e7on dont on y r\u00e9agit avec son corps qui compte. C\u2019est pourquoi de nombreux pilotes utilisent le tout-terrain et le flat track pour perfectionner leurs comp\u00e9tences, donc c\u2019\u00e9tait vraiment agr\u00e9able de rouler avec les pilotes BLU CRU. C\u2019\u00e9tait une journ\u00e9e exigeante pour eux, mais voir autant de sourires \u00e0 la fin en valait la peine. Le Yamaha BLU CRU Master Camp m\u2019a vraiment impressionn\u00e9. On voit les efforts fournis pour cet \u00e9v\u00e9nement, et cela d\u00e9montre l\u2019engagement de Yamaha \u00e0 former la prochaine g\u00e9n\u00e9ration de champions du monde.\u00a0\u00bb<\/p>\n<p class=\"typography__RegularTextLevel2-sc-13a7b3p-5 cNobdp\"><strong>Alex Rins<\/strong> : \u00ab\u00a0C\u2019est vraiment inspirant de voir ce que Yamaha fait avec le Yamaha BLU CRU Master Camp, et c\u2019\u00e9tait formidable d\u2019y participer ! J\u2019ai observ\u00e9 les jeunes pilotes rouler en flat track ce matin, et ils m\u2019ont impressionn\u00e9 non seulement par leur rythme, mais aussi par leur attitude. Ils travaillent tous dur, alors c\u2019\u00e9tait sympa de leur accorder une pause cet apr\u00e8s-midi et de les emmener sur les WaveRunners pour couper l\u2019entra\u00eenement et cr\u00e9er une ambiance conviviale. J\u2019aurais aim\u00e9 qu\u2019il y ait un programme comme celui-ci quand j\u2019\u00e9tais plus jeune, car il offre aux pilotes une voie claire et nette, de la comp\u00e9tition amateur jusqu\u2019au MotoGP. J\u2019esp\u00e8re qu\u2019ils pourront attendre ma retraite avant de me voler ma place !\u00a0\u00bb<\/p>\n<p><img loading=\"lazy\" decoding=\"async\" class=\"aligncenter size-full wp-image-1324508\" src=\"https:\/\/www.europesays.com\/fr\/wp-content\/uploads\/2025\/09\/rins.jpg\" alt=\"\" width=\"800\" height=\"533\"  \/><\/p>\n<p class=\"typography__RegularTextLevel2-sc-13a7b3p-5 cNobdp\"><strong>Jack Miller<\/strong> : \u00ab\u00a0Je me suis bien amus\u00e9 aujourd\u2019hui. Nous avons pass\u00e9 la journ\u00e9e en piste et je dois dire que j\u2019ai \u00e9t\u00e9 vraiment impressionn\u00e9 par le rythme, la concentration et l\u2019\u00e9thique de travail des jeunes pilotes BLU CRU. Il faisait chaud et nous avons fait beaucoup de s\u00e9ances, mais ils ont sembl\u00e9 assimiler toutes les informations et ont progress\u00e9 rapidement. J\u2019aurais aim\u00e9 qu\u2019il existe un programme comme BLU CRU quand j\u2019\u00e9tais plus jeune, car c\u2019est un excellent moyen pour les jeunes pilotes de passer de la comp\u00e9tition amateur \u00e0 la sc\u00e8ne mondiale. De plus, le fait que nous ayons ici des pilotes d\u2019Australie, d\u2019Asie, d\u2019Am\u00e9rique du Sud et d\u2019Europe montre l\u2019ampleur du projet. Donner \u00e0 ces pilotes la chance de courir en Europe, avec la possibilit\u00e9 de progresser jusqu\u2019en MotoGP, avec un accompagnement \u00e0 chaque \u00e9tape, c\u2019est tout simplement incroyable. On ne sait jamais, j\u2019aurais pu partager la piste aujourd\u2019hui avec un futur champion du monde de MotoGP. J\u2019ai vraiment appr\u00e9ci\u00e9 rouler avec eux et pouvoir leur donner quelques conseils apr\u00e8s les avoir suivis en piste, mais je dois admettre qu\u2019ils \u00e9taient plut\u00f4t rapides, alors j\u2019\u00e9tais content d\u2019avoir conduit ma R1 !\u00a0\u00bb<\/p>\n<p><img loading=\"lazy\" decoding=\"async\" class=\"aligncenter size-full wp-image-1324504\" src=\"https:\/\/www.europesays.com\/fr\/wp-content\/uploads\/2025\/09\/miller.jpg\" alt=\"\" width=\"800\" height=\"533\"  \/><\/p>\n<p class=\"typography__RegularTextLevel2-sc-13a7b3p-5 cNobdp\"><strong>Andrea Locatelli<\/strong> : \u00ab\u00a0C\u2019\u00e9tait un r\u00e9el plaisir d\u2019\u00eatre ici aujourd\u2019hui et de pouvoir rouler et travailler avec ces talentueux pilotes BLU CRU. C\u2019est formidable de voir ces jeunes se voir offrir une telle chance, et on voit bien l\u2019int\u00e9r\u00eat que le programme BLU CRU leur apporte. J\u2019ai vraiment appr\u00e9ci\u00e9 de pouvoir leur transmettre mon exp\u00e9rience, et c\u2019\u00e9tait aussi tr\u00e8s amusant de participer \u00e0 des courses de karting. Le programme BLU CRU soutient v\u00e9ritablement les pilotes, de la base jusqu\u2019\u00e0 la sc\u00e8ne mondiale, et il n\u2019existe pas d\u2019autre programme comparable. C\u2019\u00e9tait donc un plaisir d\u2019y participer et j\u2019ai h\u00e2te de rouler en piste avec eux demain !\u00a0\u00bb<\/p>\n<p style=\"text-align: center;\"><a href=\"https:\/\/x.com\/yamaharacingcom\" target=\"_blank\" rel=\"noopener\"><strong>Retrouvez toutes les vid\u00e9os de ces quatre jours ici\u00a0<\/strong><\/a><\/p>\n<p><img loading=\"lazy\" decoding=\"async\" class=\"aligncenter size-full wp-image-1324514\" src=\"https:\/\/www.europesays.com\/fr\/wp-content\/uploads\/2025\/09\/blu-cru.jpg\" alt=\"\" width=\"800\" height=\"533\"  \/><\/p>\n","protected":false},"excerpt":{"rendered":"Prolongation internationale du Yamaha Blu Cru Master Camp organis\u00e9 \u00e0 plusieurs reprises\u00a0au P\u00f4le M\u00e9canique de la Clef des&hellip;\n","protected":false},"author":2,"featured_media":358590,"comment_status":"","ping_status":"","sticky":false,"template":"","format":"standard","meta":{"footnotes":""},"categories":[1413],"tags":[1011,27,1457,1456,60],"class_list":{"0":"post-358589","1":"post","2":"type-post","3":"status-publish","4":"format-standard","5":"has-post-thumbnail","7":"category-moto","8":"tag-fr","9":"tag-france","10":"tag-moto","11":"tag-motocycle","12":"tag-sports"},"share_on_mastodon":{"url":"https:\/\/pubeurope.com\/@fr\/115129776115486028","error":""},"_links":{"self":[{"href":"https:\/\/www.europesays.com\/fr\/wp-json\/wp\/v2\/posts\/358589","targetHints":{"allow":["GET"]}}],"collection":[{"href":"https:\/\/www.europesays.com\/fr\/wp-json\/wp\/v2\/posts"}],"about":[{"href":"https:\/\/www.europesays.com\/fr\/wp-json\/wp\/v2\/types\/post"}],"author":[{"embeddable":true,"href":"https:\/\/www.europesays.com\/fr\/wp-json\/wp\/v2\/users\/2"}],"replies":[{"embeddable":true,"href":"https:\/\/www.europesays.com\/fr\/wp-json\/wp\/v2\/comments?post=358589"}],"version-history":[{"count":0,"href":"https:\/\/www.europesays.com\/fr\/wp-json\/wp\/v2\/posts\/358589\/revisions"}],"wp:featuredmedia":[{"embeddable":true,"href":"https:\/\/www.europesays.com\/fr\/wp-json\/wp\/v2\/media\/358590"}],"wp:attachment":[{"href":"https:\/\/www.europesays.com\/fr\/wp-json\/wp\/v2\/media?parent=358589"}],"wp:term":[{"taxonomy":"category","embeddable":true,"href":"https:\/\/www.europesays.com\/fr\/wp-json\/wp\/v2\/categories?post=358589"},{"taxonomy":"post_tag","embeddable":true,"href":"https:\/\/www.europesays.com\/fr\/wp-json\/wp\/v2\/tags?post=358589"}],"curies":[{"name":"wp","href":"https:\/\/api.w.org\/{rel}","templated":true}]}}