{"id":358597,"date":"2025-09-01T15:38:09","date_gmt":"2025-09-01T15:38:09","guid":{"rendered":"https:\/\/www.europesays.com\/fr\/358597\/"},"modified":"2025-09-01T15:38:09","modified_gmt":"2025-09-01T15:38:09","slug":"tiens-voila-du-boudin-la-foire-aux-jambonneaux-ces-deux-chanteuses-iconiques-victimes-de-grossophobie-en-plein-concert-un-sexisme-nauseeux-en-ligne","status":"publish","type":"post","link":"https:\/\/www.europesays.com\/fr\/358597\/","title":{"rendered":"\u00ab\u00a0Tiens voil\u00e0 du boudin\u00a0\u00bb, \u00ab\u00a0La foire aux jambonneaux\u00a0\u00bb : ces deux chanteuses iconiques victimes de grossophobie en plein concert, un sexisme naus\u00e9eux en ligne"},"content":{"rendered":"<p>La suite apr\u00e8s la publicit\u00e9<\/p>\n<p>Yseult a encore \u00e9t\u00e9 victime d&rsquo;une grossophobie d\u00e9complex\u00e9e et \u00e9hont\u00e9e de la part des internautes misogynes.<\/p>\n<p>La chanteuse, qui avait \u00e9t\u00e9 particuli\u00e8rement remarqu\u00e9e lors des derni\u00e8res Victoires de la musique \u00e0 travers une partition \u00ab\u00a0\u00e0 l&rsquo;am\u00e9ricaine\u00a0\u00bb, vient pourtant d&rsquo;entrer dans la l\u00e9gende, de nouveau, en offrant un spectacle en compagnie de l&rsquo;iconique Nelly Furtado. Oui oui, la chanteuse culte des ann\u00e9es 2000. Deux interpr\u00e8tes, deux g\u00e9n\u00e9rations \u00e9galement, une rencontre sororale, et malheureusement&#8230; Un d\u00e9fil\u00e9 de sexiste sur les r\u00e9seaux sociaux.<\/p>\n<p>La grossophobie, c&rsquo;est \u00e0 dire l&rsquo;ensemble de discriminations, insultes, et la stigmatisation, visant \u00e0 faire culpabiliser les personnes grosses, ou plus encore les violenter, verbalement, physiquement, est un fl\u00e9au beaucoup trop banalis\u00e9 dans notre soci\u00e9t\u00e9 &#8211; qui impose des normes physiques volontiers inatteignables. M\u00eame malgr\u00e9 le succ\u00e8s depuis des ann\u00e9es du mouvement body positive, en ligne, dans la mode, parmi les influenceuses.\u00a0<\/p>\n<p>Preuve en est : m\u00eame les stars en sont victimes&#8230;<\/p>\n<p>\u00ab\u00a0Un duo de poids\u00a0\u00bb, \u00ab\u00a0Boudins\u00a0\u00bb, \u00ab\u00a0Jambonneaux\u00a0\u00bb, \u00ab\u00a0Qui mange le plus ?\u00a0\u00bb : ce duo de chanteuses embl\u00e9matique victime de fat shaming<\/p>\n<p>\u00ab\u00a0Apr\u00e8s concours de qui mange le plus de boudins\u00a0\u00bb, \u00ab\u00a0les pauvres ..sa fait piti\u00e9 et mal au coeur de voir \u00e7a &#8230;\u00a0\u00bb, \u00ab\u00a0La foire aux jambonneaux\u00a0\u00bb, \u00ab\u00a0ok on s assume mais on essaie d avoir du go\u00fbt pour la tenue\u00a0\u00bb, \u00ab\u00a0un duo de poids\u00a0\u00bb<\/p>\n<p>Elles d\u00e9ferlent les insultes \u00e0 l&rsquo;encontre de ces deux divas.<\/p>\n<p>Sur TikTok, plateforme la plus pris\u00e9e des jeunes g\u00e9n\u00e9rations, la grossophobie est largement banalis\u00e9e. Cela s&rsquo;envisage \u00e0 travers cette nu\u00e9e d&rsquo;insultes, et de sexisme. Yseult quant \u00e0 elle s&rsquo;est d\u00e9j\u00e0 exprim\u00e9e sur les violences qu&rsquo;elle peut subir en ligne : une \u00ab\u00a0misogynoir\u00a0\u00bb, c&rsquo;est \u00e0 dire, une discrimination intersectionnelle entre le racisme et le sexisme. Sa consoeur chanteuse, Aya Nakamura, elle aussi avait lib\u00e9r\u00e9 la parole \u00e0 ce sujet.<\/p>\n<p>\u00ab\u00a0Je dirais qu&rsquo;\u00eatre une femme noire et faire ce que je fais aujourd&rsquo;hui, \u00e0 savoir de la vari\u00e9t\u00e9 fran\u00e7aise et pas du R&rsquo;n B ou de la musique qui bouge comme du zouk, c&rsquo;est chaud. Je ne rentre pas du tout dans les cases. Je suis noire et je fais de la vari\u00e9t\u00e9 fran\u00e7aise avec du piano-voix. Et comme je suis seule sur ce filon pour le moment, je sais que je vais peut-\u00eatre ramer\u00a0\u00bb, avait d&rsquo;ailleurs confi\u00e9 il y a cinq ans de cela Yseult \u00e0 Terrafemina.<\/p>\n<p>\u00ab\u00a0Par contre, je serai tellement fi\u00e8re car j&rsquo;aurais \u00e9t\u00e9 la premi\u00e8re. Et j&rsquo;ouvre la porte \u00e0 d&rsquo;autres femmes noires qui veulent faire de la vari\u00e9t\u00e9. On n&rsquo;est pas cantonn\u00e9 \u00e0 faire un type de musique. Oui, nous aussi, on peut faire de la vari\u00e9t\u00e9 !\u00a0\u00bb, expliquait encore la chanteuse.<\/p>\n<p>\u00ab\u00a0Une personne ne change pas, elle \u00e9volue. J&rsquo;ai arr\u00eat\u00e9 de lutter, je ne veux plus perdre mon temps. Je me bats contre moi-m\u00eame, je me bats contre celle que j&rsquo;aimerais d&rsquo;\u00eatre et que je ne suis pas au final. Et j&rsquo;ai vraiment envie d&rsquo;\u00eatre en paix et sereine.\u00a0\u00bb<\/p>\n<p>La grossophobie, quant \u00e0 elle, n&rsquo;a jamais cess\u00e9 de se normaliser dans l&rsquo;industrie musicale. On se rappelle qu&rsquo;au d\u00e9but des ann\u00e9es 2000, une popstar comme Britney Spears elle aussi \u00e9tait qualifi\u00e9e&#8230; De \u00ab\u00a0grosse\u00a0\u00bb. Et un magazine f\u00e9minin de la d\u00e9signer ainsi, il y a 20 ans de cela : \u00ab\u00a0Britney Spears plus grosse que jamais : l&rsquo;ancienne princesse de la pop ne peut s&#8217;emp\u00eacher de se goinfrer de malbouffe\u00a0\u00bb, peut-on lire dans les pages d&rsquo;un num\u00e9ro (qui a tr\u00e8s mal vieilli) du Sunday Times Magazine.<\/p>\n","protected":false},"excerpt":{"rendered":"La suite apr\u00e8s la publicit\u00e9 Yseult a encore \u00e9t\u00e9 victime d&rsquo;une grossophobie d\u00e9complex\u00e9e et \u00e9hont\u00e9e de la part&hellip;\n","protected":false},"author":2,"featured_media":358598,"comment_status":"","ping_status":"","sticky":false,"template":"","format":"standard","meta":{"footnotes":""},"categories":[1359],"tags":[58,59,1011,27,973],"class_list":{"0":"post-358597","1":"post","2":"type-post","3":"status-publish","4":"format-standard","5":"has-post-thumbnail","7":"category-people","8":"tag-divertissement","9":"tag-entertainment","10":"tag-fr","11":"tag-france","12":"tag-people"},"share_on_mastodon":{"url":"https:\/\/pubeurope.com\/@fr\/115129791487546837","error":""},"_links":{"self":[{"href":"https:\/\/www.europesays.com\/fr\/wp-json\/wp\/v2\/posts\/358597","targetHints":{"allow":["GET"]}}],"collection":[{"href":"https:\/\/www.europesays.com\/fr\/wp-json\/wp\/v2\/posts"}],"about":[{"href":"https:\/\/www.europesays.com\/fr\/wp-json\/wp\/v2\/types\/post"}],"author":[{"embeddable":true,"href":"https:\/\/www.europesays.com\/fr\/wp-json\/wp\/v2\/users\/2"}],"replies":[{"embeddable":true,"href":"https:\/\/www.europesays.com\/fr\/wp-json\/wp\/v2\/comments?post=358597"}],"version-history":[{"count":0,"href":"https:\/\/www.europesays.com\/fr\/wp-json\/wp\/v2\/posts\/358597\/revisions"}],"wp:featuredmedia":[{"embeddable":true,"href":"https:\/\/www.europesays.com\/fr\/wp-json\/wp\/v2\/media\/358598"}],"wp:attachment":[{"href":"https:\/\/www.europesays.com\/fr\/wp-json\/wp\/v2\/media?parent=358597"}],"wp:term":[{"taxonomy":"category","embeddable":true,"href":"https:\/\/www.europesays.com\/fr\/wp-json\/wp\/v2\/categories?post=358597"},{"taxonomy":"post_tag","embeddable":true,"href":"https:\/\/www.europesays.com\/fr\/wp-json\/wp\/v2\/tags?post=358597"}],"curies":[{"name":"wp","href":"https:\/\/api.w.org\/{rel}","templated":true}]}}