{"id":358603,"date":"2025-09-01T15:41:14","date_gmt":"2025-09-01T15:41:14","guid":{"rendered":"https:\/\/www.europesays.com\/fr\/358603\/"},"modified":"2025-09-01T15:41:14","modified_gmt":"2025-09-01T15:41:14","slug":"audiences-aout-2025-pour-la-premiere-fois-de-son-histoire-cnews-double-bfmtv-tout-lete-lci-dynamisee-franceinfo-loin-du-compte","status":"publish","type":"post","link":"https:\/\/www.europesays.com\/fr\/358603\/","title":{"rendered":"Audiences ao\u00fbt 2025 : Pour la premi\u00e8re fois de son histoire, CNews double BFMTV tout l&rsquo;\u00e9t\u00e9, LCI dynamis\u00e9e, Franceinfo loin du compte"},"content":{"rendered":"<p>La suite apr\u00e8s la publicit\u00e9<\/p>\n<p>La tendance observ\u00e9e en juillet se confirme en ao\u00fbt. Pour la premi\u00e8re fois de son histoire, CNews a chip\u00e9 le leadership \u00e0 BFMTV les deux mois d&rsquo;\u00e9t\u00e9. En hausse de 0,9 point versus ao\u00fbt 2024, <a href=\"https:\/\/www.ozap.com\/actu\/stephane-sitbon-gomez-les-jeux-olympiques-de-paris-2024-ont-recompense-la-dynamique-de-long-terme-de-france-2\/648247\" rel=\"nofollow noopener\" target=\"_blank\">mois des Jeux olympiques de Paris moins favorable aux cha\u00eenes info<\/a>, l&rsquo;antenne du groupe Canal+ (<strong>3,2%<\/strong>) rel\u00e8gue 0,4 point derri\u00e8re sa concurrente de CMA CGM (<strong>2,8%<\/strong>). Dynamique, la part d&rsquo;audience de LCI (<strong>2,3%<\/strong>), troisi\u00e8me, enregistre une augmentation de 0,8 point sur la m\u00eame p\u00e9riode. Quant \u00e0 Franceinfo, cr\u00e9dit\u00e9e de <strong>1,0%<\/strong> de part d&rsquo;audience (+ 0,3 point versus ao\u00fbt 2024), elle ferme la marche, toujours loin derri\u00e8re.<\/p>\n<p>CNews signe sa meilleure rentr\u00e9e, d\u00e9but de saison en repli pour BFMTV\u00a0<\/p>\n<p>Dans le d\u00e9tail \u00e0 pr\u00e9sent, CNews (<strong>3,2%<\/strong> ; <strong>+ 0,9<\/strong> point sur un an) a d\u00e9but\u00e9 cette nouvelle saison sous les meilleures auspices. Leader sans discontinuer depuis huit jours, la cha\u00eene a compt\u00e9 jusqu&rsquo;\u00e0 2 points d&rsquo;avance sur BFMTV mardi 26 ao\u00fbt. <a href=\"https:\/\/www.ozap.com\/actu\/audiences-plus-grand-ecart-historique-entre-cnews-et-bfmtv-hier\/651343\" rel=\"nofollow noopener\" target=\"_blank\">Un \u00e9cart historique !<\/a> La cha\u00eene du groupe Canal+ a sign\u00e9 une rentr\u00e9e tout aussi exceptionnelle (jusqu&rsquo;\u00e0 4,5% de part d&rsquo;audience les 25 et 26 ao\u00fbt), affichant une part d&rsquo;audience moyenne de 3,7% pour la semaine \u00e9coul\u00e9e (contre 2,6% pour BFMTV, 2,1% pour LCI et 1,0% pour Franceinfo). Si le 25 ao\u00fbt, le retour des incarnations titulaires de la cha\u00eene conservatrice (Pascal Praud, Sonia Mabrouk, Laurence Ferrari&#8230;) a encore accentu\u00e9 sa force de frappe, l&rsquo;\u00e9quipe estivale avait maintenu la barre au-dessus des 3 points de part d&rsquo;audience moyenne tous les jours du mois en semaine.<\/p>\n<p>Deuxi\u00e8me et redevenue d\u00e9ficitaire en 2024 selon \u00ab\u00a0L&rsquo;inform\u00e9\u00a0\u00bb, BFMTV (<strong>2,8%<\/strong> ; <strong>+ 0,3<\/strong> point sur un an) semble impuissante. Malgr\u00e9 une premi\u00e8re semaine convaincante \u2013 elle a par exemple rassembl\u00e9 jusqu&rsquo;\u00e0 4,2% du public le mercredi 6 ao\u00fbt quand l&rsquo;actualit\u00e9 \u00e9tait centr\u00e9e sur <a href=\"https:\/\/www.ozap.com\/actu\/audiences-pres-de-3-millions-de-telespectateurs-et-plus-de-30-points-decart-entre-les-13-heures-disabelle-ithurburu-sur-tf1-et-djamel-mazi-sur-france-2\/651101\" rel=\"nofollow noopener\" target=\"_blank\">l&rsquo;incendie meurtrier dans l&rsquo;Aude<\/a> \u2013 la cha\u00eene du groupe CMA CGM n&rsquo;a pas tenu la cadence ensuite. Ce, m\u00eame les jours de tr\u00e8s forte actualit\u00e9. Elle a notamment \u00e9t\u00e9 rel\u00e9gu\u00e9e en troisi\u00e8me position <a href=\"https:\/\/www.ozap.com\/actu\/audiences-le-sommet-entre-trump-et-zelensky-permet-a-lci-de-devenir-pour-la-premiere-fois-la-chaine-dinfo-la-plus-regardee-de-france\/651244\" rel=\"nofollow noopener\" target=\"_blank\">derri\u00e8re LCI et CNews le 18 ao\u00fbt<\/a>, jour du sommet r\u00e9unissant le pr\u00e9sident am\u00e9ricain Donald Trump et son homologue ukrainien Volodymyr Zelensky. Malgr\u00e9 l&rsquo;arriv\u00e9e de sang neuf \u2013 <a href=\"https:\/\/www.ozap.com\/actu\/un-an-apres-son-depart-surprise-de-tf1-pour-france-2-julien-arnaud-quitte-deja-france-televisions-pour-bfmtv\/650721\" rel=\"nofollow noopener\" target=\"_blank\">Julien Arnaud pour \u00ab\u00a0Arnaud direct\u00a0\u00bb au \u00ab\u00a010\/12\u00a0\u00bb<\/a> et <a href=\"https:\/\/www.ozap.com\/actu\/marc-fauvelle-ancien-matinalier-de-france-info-et-cadre-de-france-inter-quitte-radio-france\/649205\" rel=\"nofollow noopener\" target=\"_blank\">Marc Fauvelle pour \u00ab\u00a060 minutes Fauvelle\u00a0\u00bb au \u00ab\u00a019\/20\u00a0\u00bb<\/a> \u2013 la semaine de rentr\u00e9e ne lui a pas \u00e9t\u00e9 profitable (2,6% ; &#8211; 0,3 point sur un an). BFMTV est ainsi la seule des quatre cha\u00eenes info \u00e0 signer une entr\u00e9e en mati\u00e8re en repli.<\/p>\n<p>Pour tenter d&rsquo;\u00e9teindre l&rsquo;incendie, l&rsquo;\u00e9tat-major a annonc\u00e9, ce mercredi 27 ao\u00fbt, s&rsquo;affranchir de l&rsquo;audience 4+ pour \u00ab\u00a0conserver et accro\u00eetre\u00a0\u00bb son leadership sur les 25\/49 ans. Il y a trois mois \u00e0 peine pourtant, l\u2019objectif affich\u00e9 par Fabien Namias, directeur g\u00e9n\u00e9ral du canal 13, \u00e9tait bel et bien de reconqu\u00e9rir la premi\u00e8re place des cha\u00eenes d\u2019info. \u00ab\u00a0BFMTV retrouvera son leadership, j\u2019en suis convaincu\u00a0\u00bb, martelait-il dans \u00ab\u00a0Le Figaro\u00a0\u00bb le 2 juin 2025. Bien s\u00fbr, \u00ab\u00a0cela ne se fera pas en un jour ni en un mois\u00a0\u00bb, reconnaissait-il, ne souhaitant pas \u00ab\u00a0c\u00e9der, comme les girouettes, \u00e0 l\u2019influence de la concurrence. BFMTV ne va pas devenir une cha\u00eene d\u2019opinion, elle ne restera pas enferm\u00e9e dans un studio. Elle ira plus que jamais \u00e0 la rencontre des Fran\u00e7ais. Certains concurrents revendiquent de parler en leur nom, en dissertant \u00e0 six autour d\u2019une table. BFMTV pr\u00e9f\u00e8re aller voir les Fran\u00e7ais et leur donner directement la parole\u00a0\u00bb.<\/p>\n<p>LCI dynamis\u00e9e, Franceinfo, loin derri\u00e8re, reste distanc\u00e9e\u00a0<\/p>\n<p>Fabien Namias doit \u00e9galement composer avec la mont\u00e9e en puissance de LCI (<strong>2,3%<\/strong> ; <strong>+ 0,8 point<\/strong> sur un an), son ancienne maison, d\u00e9sormais dirig\u00e9e par Guillaume Debr\u00e9. On l&rsquo;a dit, la cha\u00eene info du groupe TF1 s&rsquo;est octroy\u00e9e, pour la premi\u00e8re fois de son histoire le 18 ao\u00fbt 2025, la premi\u00e8re place des cha\u00eenes info sur un jour avec une part d&rsquo;audience de 3,6%. Son record r\u00e9alis\u00e9 cette saison. Surfant sur cette actualit\u00e9 internationale porteuse, LCI, tourn\u00e9e elle aussi vers la politique fran\u00e7aise et l&rsquo;\u00e9conomie depuis son arriv\u00e9e sur le canal 15 le 6 juin dernier, a jou\u00e9 des coudes avec BFMTV les deux jours suivants. Elle n&rsquo;est surtout jamais pass\u00e9 sous la barre des 2 points de part d&rsquo;audience, <a href=\"https:\/\/www.ozap.com\/actu\/2-de-part-daudience-dici-la-fin-2025-avant-la-bascule-de-lci-sur-la-15-thierry-thuillier-et-guillaume-debre-devoilent-leurs-ambitions-pour-la-chaine-info\/649960\" rel=\"nofollow noopener\" target=\"_blank\">l&rsquo;objectif fix\u00e9 \u00e0 l&rsquo;origine par Thierry Thuillier, directeur de l&rsquo;info du groupe TF1, pour la fin de l&rsquo;ann\u00e9e 2025<\/a>.<\/p>\n<p>Au pied du podium, Franceinfo, <a href=\"https:\/\/www.ozap.com\/actu\/apres-deux-derapages-editoriaux-muriel-pleynet-remplace-laurent-delpech-a-la-tete-de-franceinfo-nathalie-saint-cricq-herite-de-la-redaction-nationale-de-france-televisions\/649165\" rel=\"nofollow noopener\" target=\"_blank\">reprise en main par Muriel Pleynet apr\u00e8s les \u00ab\u00a0d\u00e9rapages\u00a0\u00bb \u00e9ditoriaux du d\u00e9but d&rsquo;ann\u00e9e<\/a>, atteint tout juste le point de part d&rsquo;audience. Le canal 16 engrange 0,3 point de part d&rsquo;audience par rapport \u00e0 ao\u00fbt 2024 mais ne parvient toujours pas \u00e0 \u00e9merger face \u00e0 ses concurrentes priv\u00e9es. \u00ab\u00a0Nous n\u2019avons pas encore r\u00e9ussi \u00e0 imprimer notre marque\u00a0\u00bb, reconnaissait St\u00e9phane Sitbon-Gomez aupr\u00e8s de \u00ab\u00a0T\u00e9l\u00e9rama\u00a0\u00bb ce dimanche 31 ao\u00fbt 2025, mais on propose un pari diff\u00e9rent\u00a0\u00bb. \u00ab\u00a0On a choisi d\u2019\u00eatre loin du bruit et du buzz ambiants des cha\u00eenes d\u2019info, de ne pas jouer l\u2019effet &lsquo;star-syst\u00e8me&rsquo; pour miser sur de nouveaux talents. On va encore \u00e9toffer notre offre\u00a0\u00bb, a ajout\u00e9 le num\u00e9ro deux de France T\u00e9l\u00e9visions qui a lanc\u00e9 ce vendredi 29 ao\u00fbt sur sa cha\u00eene info une \u00e9mission de d\u00e9bats avec Nathan Devers et Paul Melun, qui officiaient notamment&#8230; sur CNews.<\/p>\n<p><strong>Le classement des cha\u00eenes info en ao\u00fbt 2025<\/strong><\/p>\n<p>(cha\u00eene \/ part de march\u00e9 \/ \u00e9volution sur un an \/ \u00e9volution sur un mois)<\/p>\n","protected":false},"excerpt":{"rendered":"La suite apr\u00e8s la publicit\u00e9 La tendance observ\u00e9e en juillet se confirme en ao\u00fbt. Pour la premi\u00e8re fois&hellip;\n","protected":false},"author":2,"featured_media":358604,"comment_status":"","ping_status":"","sticky":false,"template":"","format":"standard","meta":{"footnotes":""},"categories":[1356],"tags":[58,59,1011,27,252,1364],"class_list":{"0":"post-358603","1":"post","2":"type-post","3":"status-publish","4":"format-standard","5":"has-post-thumbnail","7":"category-television","8":"tag-divertissement","9":"tag-entertainment","10":"tag-fr","11":"tag-france","12":"tag-television","13":"tag-tv"},"share_on_mastodon":{"url":"https:\/\/pubeurope.com\/@fr\/115129803313052220","error":""},"_links":{"self":[{"href":"https:\/\/www.europesays.com\/fr\/wp-json\/wp\/v2\/posts\/358603","targetHints":{"allow":["GET"]}}],"collection":[{"href":"https:\/\/www.europesays.com\/fr\/wp-json\/wp\/v2\/posts"}],"about":[{"href":"https:\/\/www.europesays.com\/fr\/wp-json\/wp\/v2\/types\/post"}],"author":[{"embeddable":true,"href":"https:\/\/www.europesays.com\/fr\/wp-json\/wp\/v2\/users\/2"}],"replies":[{"embeddable":true,"href":"https:\/\/www.europesays.com\/fr\/wp-json\/wp\/v2\/comments?post=358603"}],"version-history":[{"count":0,"href":"https:\/\/www.europesays.com\/fr\/wp-json\/wp\/v2\/posts\/358603\/revisions"}],"wp:featuredmedia":[{"embeddable":true,"href":"https:\/\/www.europesays.com\/fr\/wp-json\/wp\/v2\/media\/358604"}],"wp:attachment":[{"href":"https:\/\/www.europesays.com\/fr\/wp-json\/wp\/v2\/media?parent=358603"}],"wp:term":[{"taxonomy":"category","embeddable":true,"href":"https:\/\/www.europesays.com\/fr\/wp-json\/wp\/v2\/categories?post=358603"},{"taxonomy":"post_tag","embeddable":true,"href":"https:\/\/www.europesays.com\/fr\/wp-json\/wp\/v2\/tags?post=358603"}],"curies":[{"name":"wp","href":"https:\/\/api.w.org\/{rel}","templated":true}]}}