{"id":358605,"date":"2025-09-01T15:42:11","date_gmt":"2025-09-01T15:42:11","guid":{"rendered":"https:\/\/www.europesays.com\/fr\/358605\/"},"modified":"2025-09-01T15:42:11","modified_gmt":"2025-09-01T15:42:11","slug":"pour-ses-20-ans-de-carriere-rihanna-laisse-un-touchant-message-a-ses-fans","status":"publish","type":"post","link":"https:\/\/www.europesays.com\/fr\/358605\/","title":{"rendered":"pour ses 20 ans de carri\u00e8re, Rihanna laisse un touchant message \u00e0 ses fans"},"content":{"rendered":"<p>La chanteuse et femme d\u2019affaires, qui n\u2019a plus sorti de disque depuis 2016, a post\u00e9 sur ses r\u00e9seaux un message \u00e9logieux \u00e0 l\u2019\u00e9gard de ses fid\u00e8les.<\/p>\n<p class=\"fig-paragraph\"><a href=\"http:\/\/www.lefigaro.fr\/musique\/rihanna-de-retour-a-la-musique-mais-pas-encore-pour-son-album-tant-attendu-20250515\" data-fig-type=\"Article\" data-gtm-custom-categorie=\"navigation\" data-gtm-custom-action=\"crossclick\" data-gtm-custom-label=\"Contextuel\" data-gtm-event=\"customEventSPE\" data-fig-domain=\"LEFIGARO\" target=\"_blank\" rel=\"noopener\">Rihanna<\/a>\u00a0n\u2019a pas sorti d\u2019album depuis 2016, mais cette absence des bacs ne l\u2019emp\u00eache pas de penser \u00e0 ses fans. Sur ses r\u00e9seaux sociaux, la chanteuse et femme d\u2019affaires a post\u00e9 un montage vid\u00e9o c\u00e9l\u00e9brant ses 20 ans de carri\u00e8re. Elle y \u00e9num\u00e8re ses faits d\u2019armes\u00a0: nombre de Grammy awards remport\u00e9s, nombre d\u2019\u00e9coutes en ligne, nombre d\u2019albums vendus.<\/p>\n<p class=\"fig-paragraph\">D\u00e9filent \u00e0 l\u2019\u00e9cran ses apparitions les plus marquantes, de ses choix vestimentaires toujours audacieux lors du\u00a0<a href=\"http:\/\/www.lefigaro.fr\/industrie-mode\/met-gala-tout-ce-qu-il-faut-savoir-sur-le-rendez-vous-mode-le-plus-attendu-de-l-annee-20230501\" data-fig-type=\"Article\" data-gtm-custom-categorie=\"navigation\" data-gtm-custom-action=\"crossclick\" data-gtm-custom-label=\"Contextuel\" data-gtm-event=\"customEventSPE\" data-fig-domain=\"LEFIGARO\" target=\"_blank\" rel=\"noopener\">gala du MET<\/a>\u00a0\u00e0 ses participations au Superbowl ou au concert caritatif Global Citizen. On entraper\u00e7oit aussi quelques images de la vie de famille de l\u2019interpr\u00e8te d\u2019Umbrella. M\u00e8re de deux gar\u00e7ons, elle attend un troisi\u00e8me enfant, avec son compagnon le rappeur A$AP Rocky. Le clip rappelle aussi le succ\u00e8s de sa marque de beaut\u00e9\u00a0<a href=\"https:\/\/www.lefigaro.fr\/industrie-mode\/quoi-de-neuf-fenty-nars-the-row-loewe-20200601\" data-fig-type=\"Article\" data-gtm-custom-categorie=\"navigation\" data-gtm-custom-action=\"crossclick\" data-gtm-custom-label=\"Contextuel\" data-gtm-event=\"customEventSPE\" data-fig-domain=\"LEFIGARO\" target=\"_blank\" rel=\"noopener\">Fenty<\/a>.<\/p>\n<p>                                    <a class=\"fig-a11y-skip a11y-hidden\" href=\"#fig-a11y-skip-main-inarticle\"><br \/>\n        Passer la publicit\u00e9<br \/>\n    <\/a><\/p>\n<p class=\"fig-paragraph\">\u00ab Il y a 20 ans, j\u2019ai quitt\u00e9 mon pays, ma culture, mes traditions culinaires et ma famille pour me lancer dans une aventure qui a commenc\u00e9 par la sortie de mon tout premier album\u00a0! Vous \u00eates nombreux \u00e0 avoir fait partie de ma vie et de ma carri\u00e8re depuis le tout d\u00e9but. D\u2019autres m\u2019ont rejointe en cours de route. Je vous en suis \u00e9ternellement reconnaissante. Chacun d\u2019entre vous a jou\u00e9 un r\u00f4le crucial dans ce parcours et les sommets o\u00f9 il m\u2019a amen\u00e9e\u00a0\u00bb, confie Rihanna dans la l\u00e9gende de son post.<\/p>\n<p class=\"fig-body-link\">\n            \u00c0 lire aussi<br \/>\n        <a class=\"fig-body-link__link fig-premium-mark\" href=\"http:\/\/www.lefigaro.fr\/musique\/le-difficile-combat-des-femmes-dans-le-rap-masculiniste-du-xxie-siecle-20250825\" data-fig-type=\"NewsFlash\" data-gtm-custom-categorie=\"navigation\" data-gtm-custom-action=\"crossclick\" data-gtm-custom-label=\"Contextuel\" data-gtm-event=\"customEventSPE\" data-fig-domain=\"LEFIGARO\" target=\"_blank\" rel=\"noopener\">Le difficile combat des femmes dans le rap masculiniste du XXIe si\u00e8cle<br \/>\n    <\/a>\n<\/p>\n<p>Un nouveau titre mi-mai<\/p>\n<p class=\"fig-paragraph\">Et de poursuivre\u00a0: \u00ab Merci pour ces 20 premi\u00e8res ann\u00e9es exceptionnelles\u00a0! 20 ans de fans fid\u00e8les et inconditionnels qui ne plaisantent pas avec moi, 20 ans de travail acharn\u00e9 et d\u2019\u00e9quipes d\u00e9vou\u00e9es \u00e0 mes c\u00f4t\u00e9s, 20 ans d\u2019apprentissage, 20 ans d\u2019exp\u00e9rience et de prouesses\u00bb, souligne l\u2019artiste de la Barbade, devenue une femme d\u2019affaires milliardaire en lan\u00e7ant ses marques de maquillage, lingerie et haute couture.<\/p>\n<p class=\"fig-paragraph\">\u00c0 d\u00e9faut d\u2019annoncer un disque, Rihanna a d\u00e9voil\u00e9 mi-mai<strong>, s<\/strong>on premier titre depuis 2022, Friend of mine, compos\u00e9 sp\u00e9cialement pour la bande-son du film\u00a0<a href=\"http:\/\/www.lefigaro.fr\/medias\/les-schtroumpfs-une-facetieuse-histoire-belge-qui-rapporte-schtroumpfement-gros-20250808\" data-fig-type=\"Article\" data-gtm-custom-categorie=\"navigation\" data-gtm-custom-action=\"crossclick\" data-gtm-custom-label=\"Contextuel\" data-gtm-event=\"customEventSPE\" data-fig-domain=\"LEFIGARO\" target=\"_blank\" rel=\"noopener\">Les Schtroumpfs<\/a> \u00a0pour lequel elle pr\u00eate sa voix \u00e0 la Schtroumpfette.<\/p>\n","protected":false},"excerpt":{"rendered":"La chanteuse et femme d\u2019affaires, qui n\u2019a plus sorti de disque depuis 2016, a post\u00e9 sur ses r\u00e9seaux&hellip;\n","protected":false},"author":2,"featured_media":358606,"comment_status":"","ping_status":"","sticky":false,"template":"","format":"standard","meta":{"footnotes":""},"categories":[1355],"tags":[58,59,1011,27,1361,873,5418],"class_list":{"0":"post-358605","1":"post","2":"type-post","3":"status-publish","4":"format-standard","5":"has-post-thumbnail","7":"category-musique","8":"tag-divertissement","9":"tag-entertainment","10":"tag-fr","11":"tag-france","12":"tag-music","13":"tag-musique","14":"tag-rihanna"},"share_on_mastodon":{"url":"https:\/\/pubeurope.com\/@fr\/115129807341132695","error":""},"_links":{"self":[{"href":"https:\/\/www.europesays.com\/fr\/wp-json\/wp\/v2\/posts\/358605","targetHints":{"allow":["GET"]}}],"collection":[{"href":"https:\/\/www.europesays.com\/fr\/wp-json\/wp\/v2\/posts"}],"about":[{"href":"https:\/\/www.europesays.com\/fr\/wp-json\/wp\/v2\/types\/post"}],"author":[{"embeddable":true,"href":"https:\/\/www.europesays.com\/fr\/wp-json\/wp\/v2\/users\/2"}],"replies":[{"embeddable":true,"href":"https:\/\/www.europesays.com\/fr\/wp-json\/wp\/v2\/comments?post=358605"}],"version-history":[{"count":0,"href":"https:\/\/www.europesays.com\/fr\/wp-json\/wp\/v2\/posts\/358605\/revisions"}],"wp:featuredmedia":[{"embeddable":true,"href":"https:\/\/www.europesays.com\/fr\/wp-json\/wp\/v2\/media\/358606"}],"wp:attachment":[{"href":"https:\/\/www.europesays.com\/fr\/wp-json\/wp\/v2\/media?parent=358605"}],"wp:term":[{"taxonomy":"category","embeddable":true,"href":"https:\/\/www.europesays.com\/fr\/wp-json\/wp\/v2\/categories?post=358605"},{"taxonomy":"post_tag","embeddable":true,"href":"https:\/\/www.europesays.com\/fr\/wp-json\/wp\/v2\/tags?post=358605"}],"curies":[{"name":"wp","href":"https:\/\/api.w.org\/{rel}","templated":true}]}}