{"id":358617,"date":"2025-09-01T15:48:14","date_gmt":"2025-09-01T15:48:14","guid":{"rendered":"https:\/\/www.europesays.com\/fr\/358617\/"},"modified":"2025-09-01T15:48:14","modified_gmt":"2025-09-01T15:48:14","slug":"une-adolescente-enceinte-de-sept-mois-tuee-dune-balle-dans-la-tete-apres-une-altercation-sur-la-route-aux-etats-unis-son-bebe-sauve","status":"publish","type":"post","link":"https:\/\/www.europesays.com\/fr\/358617\/","title":{"rendered":"Une adolescente enceinte de sept mois tu\u00e9e d&rsquo;une balle dans la t\u00eate apr\u00e8s une altercation sur la route aux Etats-Unis, son b\u00e9b\u00e9 sauv\u00e9"},"content":{"rendered":"<p>Katelynn Strate, \u00e2g\u00e9e de seulement 17 ans, est <strong>d\u00e9c\u00e9d\u00e9e<\/strong>\u00a0\u00e0 la suite d&rsquo;une <strong>altercation sur la route<\/strong> survenue ce dimanche 24 ao\u00fbt 2025 en Louisiane aux Etats-Unis, selon <a href=\"https:\/\/edition.cnn.com\/2025\/08\/31\/us\/katelynn-strate-barry-west-road-rage\" target=\"_blank\" rel=\"noopener nofollow\">CNN<\/a>.\u00a0<\/p>\n<p>L&rsquo;adolescente, <strong>enceinte de sept mois<\/strong>, \u00e9tait <strong>passag\u00e8re<\/strong> d&rsquo;une voiture lorsque, vers 9h du matin, un SUV a commenc\u00e9 \u00e0 lui coller au pare-chocs et \u00e0 lui faire des queues de poisson, raconte le bureau de police local dans un <a href=\"https:\/\/www.facebook.com\/tpsosheriff\/posts\/pfbid02edJwazBQWvMw94537dWQZPuNTKuK5fr5zXvnhsgGfwFxv4sNkhB19AGotfG7NczAl\" target=\"_blank\" rel=\"noopener nofollow\">communiqu\u00e9 publi\u00e9 sur Facebook<\/a>.<\/p>\n<p>\u00ab\u00a0Le suspect a tir\u00e9 une <strong>balle<\/strong> dans [la voiture] devant lui\u00a0\u00bb, atteignant la victime \u00ab\u00a0<strong>dans la t\u00eate<\/strong>\u00ab\u00a0. Le conducteur, le petit-ami de\u00a0Katelynn Strate dont la petite s\u0153ur \u00e9tait \u00e9galement dans le v\u00e9hicule, a appel\u00e9 les secours et conduit la jeune fille directement \u00e0 l&rsquo;h\u00f4pital.\u00a0<\/p>\n<p><strong>N\u00e9e \u00e0 1,6kg<\/strong><\/p>\n<p>Alors que l&rsquo;adolescente \u00e9tait en soins intensifs, une <strong>c\u00e9sarienne<\/strong> a \u00e9t\u00e9 r\u00e9alis\u00e9e en urgence. Sa petite fille, pr\u00e9matur\u00e9e, est n\u00e9e \u00e0 sept mois et pesait 1,6kg.\u00a0<\/p>\n<p>\u00ab\u00a0Une lumi\u00e8re dans un moment particuli\u00e8rement sombre\u00a0\u00bb, a r\u00e9agi la famille de la victime dans un communiqu\u00e9.\u00a0Katelynn Strate, maintenue en vie par assistance m\u00e9dicale, a finalement \u00e9t\u00e9 d\u00e9branch\u00e9e deux jours plus tard.\u00a0<\/p>\n<p>Le suspect, un homme de 54 ans, a notamment \u00e9t\u00e9\u00a0<strong>accus\u00e9 de meurtre<\/strong> au deuxi\u00e8me degr\u00e9, d&rsquo;apr\u00e8s le bureau du sh\u00e9rif.<\/p>\n","protected":false},"excerpt":{"rendered":"Katelynn Strate, \u00e2g\u00e9e de seulement 17 ans, est d\u00e9c\u00e9d\u00e9e\u00a0\u00e0 la suite d&rsquo;une altercation sur la route survenue ce&hellip;\n","protected":false},"author":2,"featured_media":358618,"comment_status":"","ping_status":"","sticky":false,"template":"","format":"standard","meta":{"footnotes":""},"categories":[6],"tags":[35,33,34,118,1011,27],"class_list":{"0":"post-358617","1":"post","2":"type-post","3":"status-publish","4":"format-standard","5":"has-post-thumbnail","7":"category-economie","8":"tag-business","9":"tag-economie","10":"tag-economy","11":"tag-faits-divers","12":"tag-fr","13":"tag-france"},"share_on_mastodon":{"url":"https:\/\/pubeurope.com\/@fr\/115129830823506445","error":""},"_links":{"self":[{"href":"https:\/\/www.europesays.com\/fr\/wp-json\/wp\/v2\/posts\/358617","targetHints":{"allow":["GET"]}}],"collection":[{"href":"https:\/\/www.europesays.com\/fr\/wp-json\/wp\/v2\/posts"}],"about":[{"href":"https:\/\/www.europesays.com\/fr\/wp-json\/wp\/v2\/types\/post"}],"author":[{"embeddable":true,"href":"https:\/\/www.europesays.com\/fr\/wp-json\/wp\/v2\/users\/2"}],"replies":[{"embeddable":true,"href":"https:\/\/www.europesays.com\/fr\/wp-json\/wp\/v2\/comments?post=358617"}],"version-history":[{"count":0,"href":"https:\/\/www.europesays.com\/fr\/wp-json\/wp\/v2\/posts\/358617\/revisions"}],"wp:featuredmedia":[{"embeddable":true,"href":"https:\/\/www.europesays.com\/fr\/wp-json\/wp\/v2\/media\/358618"}],"wp:attachment":[{"href":"https:\/\/www.europesays.com\/fr\/wp-json\/wp\/v2\/media?parent=358617"}],"wp:term":[{"taxonomy":"category","embeddable":true,"href":"https:\/\/www.europesays.com\/fr\/wp-json\/wp\/v2\/categories?post=358617"},{"taxonomy":"post_tag","embeddable":true,"href":"https:\/\/www.europesays.com\/fr\/wp-json\/wp\/v2\/tags?post=358617"}],"curies":[{"name":"wp","href":"https:\/\/api.w.org\/{rel}","templated":true}]}}