{"id":358621,"date":"2025-09-01T15:50:13","date_gmt":"2025-09-01T15:50:13","guid":{"rendered":"https:\/\/www.europesays.com\/fr\/358621\/"},"modified":"2025-09-01T15:50:13","modified_gmt":"2025-09-01T15:50:13","slug":"mort-de-robert-boulin-une-enquete-ouverte-apres-des-tirs-contre-un-temoin-a-languidic","status":"publish","type":"post","link":"https:\/\/www.europesays.com\/fr\/358621\/","title":{"rendered":"Mort de Robert Boulin\u00a0: une enqu\u00eate ouverte apr\u00e8s des tirs contre un t\u00e9moin \u00e0 Languidic"},"content":{"rendered":"<p>Le parquet de Lorient a indiqu\u00e9, lundi, avoir ouvert une enqu\u00eate pour \u00ab violence avec usage d\u2019une arme \u00bb apr\u00e8s des tirs \u00e0 Languidic (Morbihan) o\u00f9 r\u00e9side un t\u00e9moin dans l\u2019affaire du d\u00e9c\u00e8s, en 1979, du ministre <a href=\"https:\/\/www.letelegramme.fr\/france\/une-nouvelle-piste-relance-lenquete-sur-la-mort-du-ministre-robert-boulin-quarante-ans-apres-sa-mort-6651635.php\" target=\"_blank\" rel=\"noopener\">Robert Boulin<\/a>.<\/p>\n<p>\u00ab Une enqu\u00eate a \u00e9t\u00e9 ouverte du chef de violence avec usage d\u2019une arme et d\u00e9gradation du bien d\u2019autrui par moyen dangereux commis \u00e0 Languidic, le 30 ao\u00fbt 2025, vers 1 h 40 \u00bb du matin, a indiqu\u00e9 Yann Richard, vice-procureur du parquet de Lorient, confirmant une information du journal <a href=\"https:\/\/www.ouest-france.fr\/faits-divers\/meurtres\/mort-du-ministre-robert-boulin-on-ma-tire-dessus-un-temoin-de-laffaire-pris-pour-cible-d5c898b6-8685-11f0-bcb7-e4ebd4c8350d\" target=\"_blank\" rel=\"noopener\">Ouest-France<\/a>.<\/p>\n<p>Investigations en cours<\/p>\n<p>\u00ab Les services de gendarmerie, avis\u00e9s par le plaignant, se sont transport\u00e9s imm\u00e9diatement sur les lieux et ont proc\u00e9d\u00e9 aux constatations et pr\u00e9l\u00e8vements n\u00e9cessaires. Le requ\u00e9rant n\u2019a pas \u00e9t\u00e9 bless\u00e9 \u00bb, a pr\u00e9cis\u00e9 le vice-procureur.<\/p>\n<p>\u00ab Des investigations sont en cours pour v\u00e9rifier les circonstances dans lesquelles ces coups de feu auraient \u00e9t\u00e9 tir\u00e9s \u00bb, a ajout\u00e9 Yann Richard, ajoutant que le parquet ne pouvait communiquer plus pr\u00e9cis\u00e9ment \u00e0 ce stade de l\u2019enqu\u00eate.<\/p>\n<p>Selon le m\u00e9dia <a href=\"https:\/\/www.off-investigation.fr\/affaire-boulin-un-temoin-cle-vise-par-des-tirs\/\" target=\"_blank\" rel=\"noopener\">Off Investigation<\/a>, la personne vis\u00e9e par les tirs est Elio D., un t\u00e9moin dans l\u2018enqu\u00eate sur la mort il y a pr\u00e8s de 46 ans de Robert Boulin, alors ministre sous la pr\u00e9sidence de Val\u00e9ry Giscard d\u2019Estaing. Elio D. a \u00e9t\u00e9 la cible de trois coups de feu tir\u00e9s dans sa direction alors qu\u2019il se trouvait \u00e0 son domicile et des cartouches ont \u00e9t\u00e9 retrouv\u00e9es sur place, toujours selon Off Investigation.<\/p>\n<p>\u00ab Un assassinat \u00bb selon la famille<\/p>\n<p>Le corps de Robert Boulin, 59 ans, alors membre du RPR et ministre du Travail du gouvernement de Raymond Barre, a \u00e9t\u00e9 retrouv\u00e9 dans un \u00e9tang de la for\u00eat de Rambouillet, dans les Yvelines, en octobre 1979.<\/p>\n<p>\u00c0 l\u2019\u00e9poque, les enqu\u00eateurs ont conclu \u00e0 un suicide par noyade apr\u00e8s ingestion de barbituriques. Le ministre venait d\u2019\u00eatre mis en cause au sujet des conditions d\u2019acquisition d\u2019un terrain \u00e0 Ramatuelle (Var).<\/p>\n<p>Sa famille conteste cette version et estime qu\u2018il a \u00e9t\u00e9 assassin\u00e9.<\/p>\n<p>L\u2018enqu\u00eate, qui s\u2019acheminait vers un non-lieu apr\u00e8s un avis de fin d\u2019information judiciaire et un r\u00e9quisitoire du parquet en ce sens, a connu un rebondissement en 2022 apr\u00e8s la manifestation spontan\u00e9e d\u2019un t\u00e9moin. Ce t\u00e9moignage a permis d\u2019identifier un homme d\u00e9c\u00e9d\u00e9 en 1986 et d\u00e9sign\u00e9 comme le meurtrier potentiel de Robert Boulin.<\/p>\n","protected":false},"excerpt":{"rendered":"Le parquet de Lorient a indiqu\u00e9, lundi, avoir ouvert une enqu\u00eate pour \u00ab violence avec usage d\u2019une arme&hellip;\n","protected":false},"author":2,"featured_media":358622,"comment_status":"","ping_status":"","sticky":false,"template":"","format":"standard","meta":{"footnotes":""},"categories":[4],"tags":[11,829,765,118,1011,27,49420,1781,3729,12,16048,25],"class_list":{"0":"post-358621","1":"post","2":"type-post","3":"status-publish","4":"format-standard","5":"has-post-thumbnail","7":"category-france","8":"tag-actualites","9":"tag-bretagne","10":"tag-en-continu","11":"tag-faits-divers","12":"tag-fr","13":"tag-france","14":"tag-languidic","15":"tag-lorient","16":"tag-morbihan","17":"tag-news","18":"tag-newsletter-aujourdhui-en-bretagne","19":"tag-republique-francaise"},"share_on_mastodon":{"url":"https:\/\/pubeurope.com\/@fr\/115129838782672096","error":""},"_links":{"self":[{"href":"https:\/\/www.europesays.com\/fr\/wp-json\/wp\/v2\/posts\/358621","targetHints":{"allow":["GET"]}}],"collection":[{"href":"https:\/\/www.europesays.com\/fr\/wp-json\/wp\/v2\/posts"}],"about":[{"href":"https:\/\/www.europesays.com\/fr\/wp-json\/wp\/v2\/types\/post"}],"author":[{"embeddable":true,"href":"https:\/\/www.europesays.com\/fr\/wp-json\/wp\/v2\/users\/2"}],"replies":[{"embeddable":true,"href":"https:\/\/www.europesays.com\/fr\/wp-json\/wp\/v2\/comments?post=358621"}],"version-history":[{"count":0,"href":"https:\/\/www.europesays.com\/fr\/wp-json\/wp\/v2\/posts\/358621\/revisions"}],"wp:featuredmedia":[{"embeddable":true,"href":"https:\/\/www.europesays.com\/fr\/wp-json\/wp\/v2\/media\/358622"}],"wp:attachment":[{"href":"https:\/\/www.europesays.com\/fr\/wp-json\/wp\/v2\/media?parent=358621"}],"wp:term":[{"taxonomy":"category","embeddable":true,"href":"https:\/\/www.europesays.com\/fr\/wp-json\/wp\/v2\/categories?post=358621"},{"taxonomy":"post_tag","embeddable":true,"href":"https:\/\/www.europesays.com\/fr\/wp-json\/wp\/v2\/tags?post=358621"}],"curies":[{"name":"wp","href":"https:\/\/api.w.org\/{rel}","templated":true}]}}