{"id":358626,"date":"2025-09-01T15:53:17","date_gmt":"2025-09-01T15:53:17","guid":{"rendered":"https:\/\/www.europesays.com\/fr\/358626\/"},"modified":"2025-09-01T15:53:17","modified_gmt":"2025-09-01T15:53:17","slug":"le-mineur-devra-sexpliquer-devant-la-justice","status":"publish","type":"post","link":"https:\/\/www.europesays.com\/fr\/358626\/","title":{"rendered":"le mineur devra s\u2019expliquer devant la justice"},"content":{"rendered":"<p>La d\u00e9couverte avait suscit\u00e9 une vive \u00e9motion mais finalement le souffl\u00e9 retombe un peu. Samedi soir, peu apr\u00e8s 20 heures, deux hommes \u00e2g\u00e9s de 17 et 24 ans ont \u00e9t\u00e9 interpell\u00e9s en possession respectivement <a href=\"https:\/\/www.leprogres.fr\/faits-divers-justice\/2025\/08\/31\/pres-du-stade-geoffroy-guichard-interpelles-avec-une-carabine-de-chasse-et-un-couteau\" target=\"_blank\" rel=\"noopener\">d\u2019un fusil de chasse et d\u2019un couteau<\/a> dans le quartier de Bergson \u00e0 Saint-\u00c9tienne. Et ce alors qu\u2019\u00e0 quelques encablures, l\u2019ASSE affrontait Grenoble \u00e0 Geoffroy-Guichard pour le compte du championnat de Ligue 2.<\/p>\n<p>Le premier sera convoqu\u00e9 devant le tribunal correctionnel de Saint-Etienne au cours des prochaines semaines. Le second, quant \u00e0 lui, fait l\u2019objet d\u2019une ordonnance p\u00e9nale d\u00e9lictuelle. Selon nos informations, l\u2019arme de chasse a pu \u00eatre restitu\u00e9e \u00e0 son propri\u00e9taire.<\/p>\n","protected":false},"excerpt":{"rendered":"La d\u00e9couverte avait suscit\u00e9 une vive \u00e9motion mais finalement le souffl\u00e9 retombe un peu. Samedi soir, peu apr\u00e8s&hellip;\n","protected":false},"author":2,"featured_media":358627,"comment_status":"","ping_status":"","sticky":false,"template":"","format":"standard","meta":{"footnotes":""},"categories":[9653],"tags":[1111,11,2430,271,272,7539,1777,674,274,1011,27,3367,12,25,4001,7538,104],"class_list":{"0":"post-358626","1":"post","2":"type-post","3":"status-publish","4":"format-standard","5":"has-post-thumbnail","7":"category-saint-etienne","8":"tag-actu","9":"tag-actualites","10":"tag-auvergne-rhone-alpes","11":"tag-crime","12":"tag-delit-et-contravention","13":"tag-edition-loire-sud","14":"tag-eu","15":"tag-europe","16":"tag-faits-divers-justice","17":"tag-fr","18":"tag-france","19":"tag-loire","20":"tag-news","21":"tag-republique-francaise","22":"tag-saint-etienne","23":"tag-saint-etienne-ville","24":"tag-societe"},"share_on_mastodon":{"url":"https:\/\/pubeurope.com\/@fr\/115129850608174471","error":""},"_links":{"self":[{"href":"https:\/\/www.europesays.com\/fr\/wp-json\/wp\/v2\/posts\/358626","targetHints":{"allow":["GET"]}}],"collection":[{"href":"https:\/\/www.europesays.com\/fr\/wp-json\/wp\/v2\/posts"}],"about":[{"href":"https:\/\/www.europesays.com\/fr\/wp-json\/wp\/v2\/types\/post"}],"author":[{"embeddable":true,"href":"https:\/\/www.europesays.com\/fr\/wp-json\/wp\/v2\/users\/2"}],"replies":[{"embeddable":true,"href":"https:\/\/www.europesays.com\/fr\/wp-json\/wp\/v2\/comments?post=358626"}],"version-history":[{"count":0,"href":"https:\/\/www.europesays.com\/fr\/wp-json\/wp\/v2\/posts\/358626\/revisions"}],"wp:featuredmedia":[{"embeddable":true,"href":"https:\/\/www.europesays.com\/fr\/wp-json\/wp\/v2\/media\/358627"}],"wp:attachment":[{"href":"https:\/\/www.europesays.com\/fr\/wp-json\/wp\/v2\/media?parent=358626"}],"wp:term":[{"taxonomy":"category","embeddable":true,"href":"https:\/\/www.europesays.com\/fr\/wp-json\/wp\/v2\/categories?post=358626"},{"taxonomy":"post_tag","embeddable":true,"href":"https:\/\/www.europesays.com\/fr\/wp-json\/wp\/v2\/tags?post=358626"}],"curies":[{"name":"wp","href":"https:\/\/api.w.org\/{rel}","templated":true}]}}