{"id":358630,"date":"2025-09-01T15:55:16","date_gmt":"2025-09-01T15:55:16","guid":{"rendered":"https:\/\/www.europesays.com\/fr\/358630\/"},"modified":"2025-09-01T15:55:16","modified_gmt":"2025-09-01T15:55:16","slug":"nancy-la-foire-a-lequipement-se-tient-ce-samedi-a-gentilly","status":"publish","type":"post","link":"https:\/\/www.europesays.com\/fr\/358630\/","title":{"rendered":"Nancy. La foire\u00a0\u00e0 l\u2019\u00e9quipement se tient ce samedi \u00e0 Gentilly"},"content":{"rendered":"<p>De l\u2019\u00e9lectrom\u00e9nager, des v\u00eatements, des meubles et objets d\u00e9coratifs, mais aussi des ustensiles de cuisine, des v\u00e9los, du mat\u00e9riel informatique et bien d\u2019autres choses encore\u00a0: la foire \u00e0 l\u2019\u00e9quipement, troisi\u00e8me du nom, proposera d\u2019acheter \u00e0 moindre co\u00fbt ce samedi \u00e0 la salle des f\u00eates de Gentilly, \u00e0 Nancy, transform\u00e9e pour l\u2019occasion en temple de la seconde main.<\/p>\n<p><a href=\"https:\/\/www.estrepublicain.fr\/education\/2024\/08\/31\/les-etudiants-s-equipent-a-petits-prix\" target=\"_blank\" rel=\"noopener\">Initialement organis\u00e9 pour les \u00e9tudiants du Grand Nancy,<\/a> mais aussi ouvert \u00e0 tous les adeptes <a href=\"https:\/\/www.estrepublicain.fr\/societe\/2024\/09\/29\/le-reemploi-des-solutions-a-trouver-pres-de-chez-vous-pour-donner-une-seconde-vie-a-vos-objets\" target=\"_blank\" rel=\"noopener\">du r\u00e9emploi,<\/a> ce nouveau rendez-vous imagin\u00e9 et coordonn\u00e9 par \u00c9milie Dolle, de la soci\u00e9t\u00e9 Le Seize, sera bas\u00e9 sur l\u2019implication, une nouvelle fois, de nombreux acteurs locaux de l\u2019\u00e9conomie solidaire, dont certains rassembl\u00e9s au sein <a href=\"https:\/\/www.estrepublicain.fr\/social\/2023\/08\/23\/un-levier-pour-le-reemploi-et-la-seconde-main\" target=\"_blank\" rel=\"noopener\">du collectif Le Levier <\/a> : ENVIE, la Benne Id\u00e9e, la Fabrique, De Laine en R\u00eaves, Si l\u2019on se parlait, Le Relais, SOS futur, les Ecollecteurs, Dynamo, Garobiclous, Infosel ULIS, Rebond ULIS, Cultures et partages, Aux Temps Recycl\u00e9s, Super Kwetsch, les Ateliers Croix Rouge, R\u00e9ciprocit\u00e9, Emma\u00fcs, la Pulperie, Sand\u2019cr\u00e9ation, Tricot Couture Service ou encore le r\u00e9seau des Repair\u2019caf\u00e9s.<\/p>\n<p>Des animations Do it yourself\u00a0et une animation musicale propos\u00e9e par Radio Fajet ponctueront cette journ\u00e9e, o\u00f9 la Maison du v\u00e9lo, les ambassadeurs de la pr\u00e9vention et du tri, la ligue Grand Est du sport universitaire (avec une zone de gratuit\u00e9 d\u00e9di\u00e9e aux v\u00eatements de sport), le CROUS Lorraine, la MEIJE et l\u2019association Vert t\u2019y go (pour la restauration) seront aussi sur le pont.<\/p>\n<p class=\"note\">Samedi 6\u00a0septembre de 9\u00a0h \u00e0 17\u00a0h \u00e0 la salle des f\u00eates de Gentilly (5001 F, avenue du Rhin)<\/p>\n","protected":false},"excerpt":{"rendered":"De l\u2019\u00e9lectrom\u00e9nager, des v\u00eatements, des meubles et objets d\u00e9coratifs, mais aussi des ustensiles de cuisine, des v\u00e9los, du&hellip;\n","protected":false},"author":2,"featured_media":358631,"comment_status":"","ping_status":"","sticky":false,"template":"","format":"standard","meta":{"footnotes":""},"categories":[9635],"tags":[1111,11,130,33,1704,1777,674,1011,27,775,1702,1703,12,25],"class_list":{"0":"post-358630","1":"post","2":"type-post","3":"status-publish","4":"format-standard","5":"has-post-thumbnail","7":"category-nancy","8":"tag-actu","9":"tag-actualites","10":"tag-consommation","11":"tag-economie","12":"tag-edition-nancy-et-agglomeration","13":"tag-eu","14":"tag-europe","15":"tag-fr","16":"tag-france","17":"tag-grand-est","18":"tag-nancy","19":"tag-nancy-ville-54b","20":"tag-news","21":"tag-republique-francaise"},"share_on_mastodon":{"url":"https:\/\/pubeurope.com\/@fr\/115129858464769127","error":""},"_links":{"self":[{"href":"https:\/\/www.europesays.com\/fr\/wp-json\/wp\/v2\/posts\/358630","targetHints":{"allow":["GET"]}}],"collection":[{"href":"https:\/\/www.europesays.com\/fr\/wp-json\/wp\/v2\/posts"}],"about":[{"href":"https:\/\/www.europesays.com\/fr\/wp-json\/wp\/v2\/types\/post"}],"author":[{"embeddable":true,"href":"https:\/\/www.europesays.com\/fr\/wp-json\/wp\/v2\/users\/2"}],"replies":[{"embeddable":true,"href":"https:\/\/www.europesays.com\/fr\/wp-json\/wp\/v2\/comments?post=358630"}],"version-history":[{"count":0,"href":"https:\/\/www.europesays.com\/fr\/wp-json\/wp\/v2\/posts\/358630\/revisions"}],"wp:featuredmedia":[{"embeddable":true,"href":"https:\/\/www.europesays.com\/fr\/wp-json\/wp\/v2\/media\/358631"}],"wp:attachment":[{"href":"https:\/\/www.europesays.com\/fr\/wp-json\/wp\/v2\/media?parent=358630"}],"wp:term":[{"taxonomy":"category","embeddable":true,"href":"https:\/\/www.europesays.com\/fr\/wp-json\/wp\/v2\/categories?post=358630"},{"taxonomy":"post_tag","embeddable":true,"href":"https:\/\/www.europesays.com\/fr\/wp-json\/wp\/v2\/tags?post=358630"}],"curies":[{"name":"wp","href":"https:\/\/api.w.org\/{rel}","templated":true}]}}