{"id":358634,"date":"2025-09-01T15:57:11","date_gmt":"2025-09-01T15:57:11","guid":{"rendered":"https:\/\/www.europesays.com\/fr\/358634\/"},"modified":"2025-09-01T15:57:11","modified_gmt":"2025-09-01T15:57:11","slug":"le-sporting-club-de-toulon-annonce-le-deces-brutal-de-son-jeune-photographe-dans-un-accident-de-la-route-a-la-garde","status":"publish","type":"post","link":"https:\/\/www.europesays.com\/fr\/358634\/","title":{"rendered":"Le Sporting Club de Toulon annonce le d\u00e9c\u00e8s brutal de son jeune photographe dans un accident de la route \u00e0 La Garde"},"content":{"rendered":"<p>Le Sporting club de Toulon a annonc\u00e9 ce dimanche le d\u00e9c\u00e8s de son jeune photographe \u00ab\u00a0\u00e0 la suite d\u2019un accident de voiture\u00a0\u00bb. Geoffrey Bardoz \u00e9tait \u00e2g\u00e9 de 23 ans.<\/p>\n<p>\u00a0\u00bb Geoffrey \u00e9tait un jeune homme passionn\u00e9, reconnu pour sa gentillesse, son engagement et son talent de photographe\u00a0\u00bb, indique le club sur ses r\u00e9seaux sociaux.<\/p>\n<p>\u00a0\u00bb Tr\u00e8s impliqu\u00e9 au sein de l\u2019\u00e9quipe communication du club, c\u2019est gr\u00e2ce \u00e0 lui que vous pouviez suivre depuis plusieurs saisons sur les r\u00e9seaux sociaux les entra\u00eenements et les matchs du Sporting avec de magnifiques photos du groupe National 2.\u00a0\u00bb<\/p>\n<p>Des supporters sous le choc<\/p>\n<p>La nouvelle de son d\u00e9c\u00e8s a suscit\u00e9 une vive \u00e9motion et de nombreux messages de condol\u00e9ances ont \u00e9t\u00e9 adress\u00e9s \u00e0 la famille et aux proches de Geoffrey Bardoz notamment par l\u2019interm\u00e9diaire de la page Facebook du club toulonnais.<\/p>\n<p>Une enqu\u00eate a \u00e9t\u00e9 ouverte pour d\u00e9terminer les circonstances de cet accident survenu vers 6 heures ce dimanche dans le quartier de La Pauline \u00e0 La Garde.<\/p>\n<p>Selon les premiers \u00e9l\u00e9ments, le v\u00e9hicule de la victime aurait fait plusieurs tonneaux avant de s\u2019immobiliser sur la chauss\u00e9e.<\/p>\n<p>\u00a0<\/p>\n","protected":false},"excerpt":{"rendered":"Le Sporting club de Toulon a annonc\u00e9 ce dimanche le d\u00e9c\u00e8s de son jeune photographe \u00ab\u00a0\u00e0 la suite&hellip;\n","protected":false},"author":2,"featured_media":358635,"comment_status":"","ping_status":"","sticky":false,"template":"","format":"standard","meta":{"footnotes":""},"categories":[9619],"tags":[1111,11,1777,674,118,1011,27,12,882,25,2310],"class_list":{"0":"post-358634","1":"post","2":"type-post","3":"status-publish","4":"format-standard","5":"has-post-thumbnail","7":"category-toulon","8":"tag-actu","9":"tag-actualites","10":"tag-eu","11":"tag-europe","12":"tag-faits-divers","13":"tag-fr","14":"tag-france","15":"tag-news","16":"tag-provence-alpes-cote-dazur","17":"tag-republique-francaise","18":"tag-toulon"},"share_on_mastodon":{"url":"https:\/\/pubeurope.com\/@fr\/115129866256847974","error":""},"_links":{"self":[{"href":"https:\/\/www.europesays.com\/fr\/wp-json\/wp\/v2\/posts\/358634","targetHints":{"allow":["GET"]}}],"collection":[{"href":"https:\/\/www.europesays.com\/fr\/wp-json\/wp\/v2\/posts"}],"about":[{"href":"https:\/\/www.europesays.com\/fr\/wp-json\/wp\/v2\/types\/post"}],"author":[{"embeddable":true,"href":"https:\/\/www.europesays.com\/fr\/wp-json\/wp\/v2\/users\/2"}],"replies":[{"embeddable":true,"href":"https:\/\/www.europesays.com\/fr\/wp-json\/wp\/v2\/comments?post=358634"}],"version-history":[{"count":0,"href":"https:\/\/www.europesays.com\/fr\/wp-json\/wp\/v2\/posts\/358634\/revisions"}],"wp:featuredmedia":[{"embeddable":true,"href":"https:\/\/www.europesays.com\/fr\/wp-json\/wp\/v2\/media\/358635"}],"wp:attachment":[{"href":"https:\/\/www.europesays.com\/fr\/wp-json\/wp\/v2\/media?parent=358634"}],"wp:term":[{"taxonomy":"category","embeddable":true,"href":"https:\/\/www.europesays.com\/fr\/wp-json\/wp\/v2\/categories?post=358634"},{"taxonomy":"post_tag","embeddable":true,"href":"https:\/\/www.europesays.com\/fr\/wp-json\/wp\/v2\/tags?post=358634"}],"curies":[{"name":"wp","href":"https:\/\/api.w.org\/{rel}","templated":true}]}}