{"id":358636,"date":"2025-09-01T15:58:16","date_gmt":"2025-09-01T15:58:16","guid":{"rendered":"https:\/\/www.europesays.com\/fr\/358636\/"},"modified":"2025-09-01T15:58:16","modified_gmt":"2025-09-01T15:58:16","slug":"deux-hommes-places-en-detention-provisoire-soupconnes-de-nombreux-vols-a-la-roulotte-autour-de-montpellier","status":"publish","type":"post","link":"https:\/\/www.europesays.com\/fr\/358636\/","title":{"rendered":"Deux hommes plac\u00e9s en d\u00e9tention provisoire, soup\u00e7onn\u00e9s de nombreux vols \u00e0 la roulotte autour de Montpellier"},"content":{"rendered":"<p>\n                                                                Deux hommes, soup\u00e7onn\u00e9s de plusieurs dizaines de vols \u00e0 la roulotte entre mai et juillet dernier ont \u00e9t\u00e9 plac\u00e9s en d\u00e9tention provisoire, ce lundi par le tribunal correctionnel. Ils ont \u00e9t\u00e9 appr\u00e9hend\u00e9s jeudi \u00e0 S\u00e8te et au campement du Z\u00e9nith de Montpellier.\n                            <\/p>\n<p>Deux hommes soup\u00e7onn\u00e9s d\u2019\u00eatre les auteurs de plusieurs dizaines de vols \u00e0 la roulotte ont \u00e9t\u00e9 pr\u00e9sent\u00e9s devant le tribunal correctionnel de Montpellier, ce lundi dans le cadre d\u2019une comparution imm\u00e9diate.<\/p>\n<p>Une \u00ab\u00a0n\u00e9buleuse bosnienne\u00a0\u00bb\u00a0?<\/p>\n<p>Ils ont \u00e9t\u00e9 interpell\u00e9s jeudi, l\u2019un, un Bosnien de 28 ans, \u00e0 son domicile de S\u00e8te\u00a0et l\u2019autre, un Bulgare de 24 ans, \u00e0 l\u2019int\u00e9rieur du campement du Z\u00e9nith. Les enqu\u00eateurs leur reprochent des vols aggrav\u00e9s perp\u00e9tr\u00e9s dans des v\u00e9hicules \u00e0 Montpellier mais aussi \u00e0 S\u00e8te, \u00e0 Mauguio et \u00e0 Frontignan entre le 10\u00a0mai et le 29\u00a0juillet dernier.<\/p>\n<p>Jug\u00e9s en octobre<\/p>\n<p>\u00c0 la barre, les deux pr\u00e9venus ont demand\u00e9 un d\u00e9lai pour pr\u00e9parer leur d\u00e9fense\u00a0: ils nient \u00eatre les auteurs des vols. Le tribunal a d\u00e9cid\u00e9 de leur maintien en d\u00e9tention, conform\u00e9ment aux r\u00e9quisitions du parquet. Pour le pr\u00e9venu Bosnien, Me Jean-Baptiste Mousset avait plaid\u00e9 le contr\u00f4le judiciaire notant l\u2019absence de flagrant d\u00e9lit dans les faits reproch\u00e9s.<\/p>\n<p>L\u2019avocat a \u00e9galement soulign\u00e9 le caract\u00e8re \u00ab\u00a0indigeste de la proc\u00e9dure\u00a0\u00bb\u00a0constitu\u00e9e de 19 tomes de documents. Selon lui, le dossier visait initialement \u00e0 faire tomber \u00ab\u00a0une n\u00e9buleuse bosnienne\u00a0\u00bb \u00e0 l\u2019\u0153uvre sur le campement et \u00e0 laquelle serait reproch\u00e9e une centaine de vols.\u00a0Mais sur les huit\u00a0\u00ab\u00a0objectifs\u00a0\u00bb fix\u00e9s par les enqu\u00eateurs seuls deux sont poursuivis. Pour le jeune bulgare, Me Yasmina Lamrini a \u00e9galement plaid\u00e9 le placement sous contr\u00f4le judiciaire. \u00ab\u00a0Il est arriv\u00e9 en France \u00e0 l\u2019\u00e2ge de six mois. Le risque de fuite est faible\u00a0\u00bb.<\/p>\n<p>Les deux hommes ont donc finalement \u00e9t\u00e9 incarc\u00e9r\u00e9s jusqu\u2019\u00e0 la date de leur proc\u00e8s programm\u00e9 au 31\u00a0octobre prochain.<\/p>\n","protected":false},"excerpt":{"rendered":"Deux hommes, soup\u00e7onn\u00e9s de plusieurs dizaines de vols \u00e0 la roulotte entre mai et juillet dernier ont \u00e9t\u00e9&hellip;\n","protected":false},"author":2,"featured_media":358637,"comment_status":"","ping_status":"","sticky":false,"template":"","format":"standard","meta":{"footnotes":""},"categories":[9599],"tags":[1111,11,1777,674,1011,27,2208,12,2680,25],"class_list":{"0":"post-358636","1":"post","2":"type-post","3":"status-publish","4":"format-standard","5":"has-post-thumbnail","7":"category-montpellier","8":"tag-actu","9":"tag-actualites","10":"tag-eu","11":"tag-europe","12":"tag-fr","13":"tag-france","14":"tag-montpellier","15":"tag-news","16":"tag-occitanie","17":"tag-republique-francaise"},"share_on_mastodon":{"url":"https:\/\/pubeurope.com\/@fr\/115129870230164764","error":""},"_links":{"self":[{"href":"https:\/\/www.europesays.com\/fr\/wp-json\/wp\/v2\/posts\/358636","targetHints":{"allow":["GET"]}}],"collection":[{"href":"https:\/\/www.europesays.com\/fr\/wp-json\/wp\/v2\/posts"}],"about":[{"href":"https:\/\/www.europesays.com\/fr\/wp-json\/wp\/v2\/types\/post"}],"author":[{"embeddable":true,"href":"https:\/\/www.europesays.com\/fr\/wp-json\/wp\/v2\/users\/2"}],"replies":[{"embeddable":true,"href":"https:\/\/www.europesays.com\/fr\/wp-json\/wp\/v2\/comments?post=358636"}],"version-history":[{"count":0,"href":"https:\/\/www.europesays.com\/fr\/wp-json\/wp\/v2\/posts\/358636\/revisions"}],"wp:featuredmedia":[{"embeddable":true,"href":"https:\/\/www.europesays.com\/fr\/wp-json\/wp\/v2\/media\/358637"}],"wp:attachment":[{"href":"https:\/\/www.europesays.com\/fr\/wp-json\/wp\/v2\/media?parent=358636"}],"wp:term":[{"taxonomy":"category","embeddable":true,"href":"https:\/\/www.europesays.com\/fr\/wp-json\/wp\/v2\/categories?post=358636"},{"taxonomy":"post_tag","embeddable":true,"href":"https:\/\/www.europesays.com\/fr\/wp-json\/wp\/v2\/tags?post=358636"}],"curies":[{"name":"wp","href":"https:\/\/api.w.org\/{rel}","templated":true}]}}