{"id":358638,"date":"2025-09-01T15:59:17","date_gmt":"2025-09-01T15:59:17","guid":{"rendered":"https:\/\/www.europesays.com\/fr\/358638\/"},"modified":"2025-09-01T15:59:17","modified_gmt":"2025-09-01T15:59:17","slug":"rennes-prete-ayanda-sishuba-a-montpellier","status":"publish","type":"post","link":"https:\/\/www.europesays.com\/fr\/358638\/","title":{"rendered":"Rennes pr\u00eate Ayanda Sishuba \u00e0 Montpellier"},"content":{"rendered":"<p>Comme nous vous le r\u00e9v\u00e9lions ces derni\u00e8res heures, le Stade Rennais va laisser filer <a href=\"https:\/\/www.footmercato.net\/joueur\/ayanda-sishuba\/\" rel=\"nofollow noopener\" target=\"_blank\">Ayanda Sishuba<\/a> vers la <a href=\"https:\/\/www.footmercato.net\/france\/ligue-2\/\" rel=\"nofollow noopener\" target=\"_blank\">Ligue 2<\/a>. Le milieu offensif de 20 ans, arriv\u00e9 cet \u00e9t\u00e9 en provenance de Lens, a \u00e9t\u00e9 pr\u00eat\u00e9 sans option d\u2019achat \u00e0 <a href=\"https:\/\/www.footmercato.net\/club\/montpellier-hsc\/\" rel=\"nofollow noopener\" target=\"_blank\">Montpellier<\/a>, ce lundi.<\/p>\n<p>            La suite apr\u00e8s cette publicit\u00e9<\/p>\n<p>\u00abLe MHSC est heureux d\u2019annoncer ce jour l\u2019arriv\u00e9e du jeune belge de 20 ans, pr\u00eat\u00e9 jusqu\u2019\u00e0 la fin de la saison par le Stade Rennais, avec l\u2019objectif d\u2019engranger de l\u2019exp\u00e9rience et du temps jeu, tout en aidant le club pailladin \u00e0 atteindre ses objectifs. Bienvenue \u00e0 notre nouveau num\u00e9ro 28\u00bb, confirme le MHSC. <\/p>\n<p>\n    Pub. le 01\/09\/2025 17:38<br \/>\n            &#8211; MAJ le 01\/09\/2025 17:39\n    <\/p>\n","protected":false},"excerpt":{"rendered":"Comme nous vous le r\u00e9v\u00e9lions ces derni\u00e8res heures, le Stade Rennais va laisser filer Ayanda Sishuba vers la&hellip;\n","protected":false},"author":2,"featured_media":353561,"comment_status":"","ping_status":"","sticky":false,"template":"","format":"standard","meta":{"footnotes":""},"categories":[9599],"tags":[1111,11,1777,674,1011,27,2208,12,2680,25],"class_list":{"0":"post-358638","1":"post","2":"type-post","3":"status-publish","4":"format-standard","5":"has-post-thumbnail","7":"category-montpellier","8":"tag-actu","9":"tag-actualites","10":"tag-eu","11":"tag-europe","12":"tag-fr","13":"tag-france","14":"tag-montpellier","15":"tag-news","16":"tag-occitanie","17":"tag-republique-francaise"},"share_on_mastodon":{"url":"https:\/\/pubeurope.com\/@fr\/115129874044122144","error":""},"_links":{"self":[{"href":"https:\/\/www.europesays.com\/fr\/wp-json\/wp\/v2\/posts\/358638","targetHints":{"allow":["GET"]}}],"collection":[{"href":"https:\/\/www.europesays.com\/fr\/wp-json\/wp\/v2\/posts"}],"about":[{"href":"https:\/\/www.europesays.com\/fr\/wp-json\/wp\/v2\/types\/post"}],"author":[{"embeddable":true,"href":"https:\/\/www.europesays.com\/fr\/wp-json\/wp\/v2\/users\/2"}],"replies":[{"embeddable":true,"href":"https:\/\/www.europesays.com\/fr\/wp-json\/wp\/v2\/comments?post=358638"}],"version-history":[{"count":0,"href":"https:\/\/www.europesays.com\/fr\/wp-json\/wp\/v2\/posts\/358638\/revisions"}],"wp:featuredmedia":[{"embeddable":true,"href":"https:\/\/www.europesays.com\/fr\/wp-json\/wp\/v2\/media\/353561"}],"wp:attachment":[{"href":"https:\/\/www.europesays.com\/fr\/wp-json\/wp\/v2\/media?parent=358638"}],"wp:term":[{"taxonomy":"category","embeddable":true,"href":"https:\/\/www.europesays.com\/fr\/wp-json\/wp\/v2\/categories?post=358638"},{"taxonomy":"post_tag","embeddable":true,"href":"https:\/\/www.europesays.com\/fr\/wp-json\/wp\/v2\/tags?post=358638"}],"curies":[{"name":"wp","href":"https:\/\/api.w.org\/{rel}","templated":true}]}}