{"id":358639,"date":"2025-09-01T16:02:11","date_gmt":"2025-09-01T16:02:11","guid":{"rendered":"https:\/\/www.europesays.com\/fr\/358639\/"},"modified":"2025-09-01T16:02:11","modified_gmt":"2025-09-01T16:02:11","slug":"arbitrage-retour-sur-le-stage-regional-a-rouen","status":"publish","type":"post","link":"https:\/\/www.europesays.com\/fr\/358639\/","title":{"rendered":"Arbitrage. Retour sur le stage r\u00e9gional \u00e0 Rouen"},"content":{"rendered":"<p>\u00a0<\/p>\n<p class=\"chapeau\">Un stage r\u00e9gional s\u2019est d\u00e9roul\u00e9 \u00e0 Rouen les 30 et 31 ao\u00fbt.<\/p>\n<p style=\"text-align: right;\"><strong>Cr\u00e9dit photo : FFHG<\/strong><\/p>\n<p>Dix arbitres venant de Rouen, Dunkerque, Dammarie, Evry, Caen, Amiens et Courbevoie \u00e9taient pr\u00e9sents lors de ce week-end. Au programme de ces deux jours, des tests glace, de la th\u00e9orie et des supervisions sur des matchs U15 durant le tournoi ont \u00e9t\u00e9 effectu\u00e9s. Les arbitres du stage ont \u00e9t\u00e9 form\u00e9s par J\u00e9r\u00e9my Rauline et Pierre Mercier-Landry. La FFHG remercie les Dragons de Rouen pour leur accueil.<\/p>\n","protected":false},"excerpt":{"rendered":"\u00a0 Un stage r\u00e9gional s\u2019est d\u00e9roul\u00e9 \u00e0 Rouen les 30 et 31 ao\u00fbt. Cr\u00e9dit photo : FFHG Dix&hellip;\n","protected":false},"author":2,"featured_media":358640,"comment_status":"","ping_status":"","sticky":false,"template":"","format":"standard","meta":{"footnotes":""},"categories":[9587],"tags":[1111,11,1777,674,1011,27,12,5161,25,9590],"class_list":{"0":"post-358639","1":"post","2":"type-post","3":"status-publish","4":"format-standard","5":"has-post-thumbnail","7":"category-rouen","8":"tag-actu","9":"tag-actualites","10":"tag-eu","11":"tag-europe","12":"tag-fr","13":"tag-france","14":"tag-news","15":"tag-normandie","16":"tag-republique-francaise","17":"tag-rouen"},"share_on_mastodon":{"url":"https:\/\/pubeurope.com\/@fr\/115129885907483040","error":""},"_links":{"self":[{"href":"https:\/\/www.europesays.com\/fr\/wp-json\/wp\/v2\/posts\/358639","targetHints":{"allow":["GET"]}}],"collection":[{"href":"https:\/\/www.europesays.com\/fr\/wp-json\/wp\/v2\/posts"}],"about":[{"href":"https:\/\/www.europesays.com\/fr\/wp-json\/wp\/v2\/types\/post"}],"author":[{"embeddable":true,"href":"https:\/\/www.europesays.com\/fr\/wp-json\/wp\/v2\/users\/2"}],"replies":[{"embeddable":true,"href":"https:\/\/www.europesays.com\/fr\/wp-json\/wp\/v2\/comments?post=358639"}],"version-history":[{"count":0,"href":"https:\/\/www.europesays.com\/fr\/wp-json\/wp\/v2\/posts\/358639\/revisions"}],"wp:featuredmedia":[{"embeddable":true,"href":"https:\/\/www.europesays.com\/fr\/wp-json\/wp\/v2\/media\/358640"}],"wp:attachment":[{"href":"https:\/\/www.europesays.com\/fr\/wp-json\/wp\/v2\/media?parent=358639"}],"wp:term":[{"taxonomy":"category","embeddable":true,"href":"https:\/\/www.europesays.com\/fr\/wp-json\/wp\/v2\/categories?post=358639"},{"taxonomy":"post_tag","embeddable":true,"href":"https:\/\/www.europesays.com\/fr\/wp-json\/wp\/v2\/tags?post=358639"}],"curies":[{"name":"wp","href":"https:\/\/api.w.org\/{rel}","templated":true}]}}