{"id":358648,"date":"2025-09-01T16:07:13","date_gmt":"2025-09-01T16:07:13","guid":{"rendered":"https:\/\/www.europesays.com\/fr\/358648\/"},"modified":"2025-09-01T16:07:13","modified_gmt":"2025-09-01T16:07:13","slug":"premiere-rentree-dans-un-quartier-chamboule","status":"publish","type":"post","link":"https:\/\/www.europesays.com\/fr\/358648\/","title":{"rendered":"premi\u00e8re rentr\u00e9e dans un quartier chamboul\u00e9"},"content":{"rendered":"<p>L\u00e9o tr\u00e9pigne d\u2019impatience devant l\u2019entr\u00e9e du <a href=\"https:\/\/www.dna.fr\/education\/2025\/04\/04\/le-college-leclerc-de-schiltigheim-en-finale-nationale-du-concours-cgenial\" target=\"_blank\" rel=\"noopener\">coll\u00e8ge Leclerc de Schiltigheim<\/a>. Est-ce qu\u2019il retrouvera ses copains\u00a0? \u00ab\u00a0J\u2019aimerais bien \u00eatre dans leur classe\u00a0\u00bb, glisse-t-il timidement. Comme certains Schilikois du centre, le gar\u00e7on de 11 ans <a href=\"https:\/\/www.dna.fr\/education\/2025\/09\/01\/copains-cartables-et-emotions-revivez-les-rentrees-scolaires-en-alsace-de-1962-a-2024\" target=\"_blank\" rel=\"noopener\">fait sa rentr\u00e9e<\/a> \u00e0 l\u2019 \u00ab\u00a0ouest\u00a0\u00bb ce lundi 1er \u00a0septembre au petit matin. Car la ville est d\u00e9coup\u00e9e en deux coll\u00e8ges\u00a0: Rouget-de-Lisle \u00e0 l\u2019est et Leclerc \u00e0 l\u2019ouest.<\/p>\n<p>Pour L\u00e9o, il a donc fallu rep\u00e9rer le trajet en avance depuis son logement de la rue des Malteries. \u00ab\u00a0Il l\u2019a fait et je l\u2019ai suivi derri\u00e8re pour v\u00e9rifier\u00a0\u00bb, relate sa maman St\u00e9phanie, le c\u0153ur serr\u00e9 de laisser son fils. M\u00eame rituel pour Abdel. Ce trajet, \u00ab\u00a0c\u2019est&#8230;<\/p>\n","protected":false},"excerpt":{"rendered":"L\u00e9o tr\u00e9pigne d\u2019impatience devant l\u2019entr\u00e9e du coll\u00e8ge Leclerc de Schiltigheim. Est-ce qu\u2019il retrouvera ses copains\u00a0? \u00ab\u00a0J\u2019aimerais bien \u00eatre&hellip;\n","protected":false},"author":2,"featured_media":358649,"comment_status":"","ping_status":"","sticky":false,"template":"","format":"standard","meta":{"footnotes":""},"categories":[2820],"tags":[1111,11,3599,2880,1057,1777,674,107,1011,27,775,10425,12,25,5512,640,3265],"class_list":{"0":"post-358648","1":"post","2":"type-post","3":"status-publish","4":"format-standard","5":"has-post-thumbnail","7":"category-strasbourg","8":"tag-actu","9":"tag-actualites","10":"tag-college-lycee","11":"tag-edition-strasbourg","12":"tag-education","13":"tag-eu","14":"tag-europe","15":"tag-fil-info","16":"tag-fr","17":"tag-france","18":"tag-grand-est","19":"tag-maternelle-elementaire","20":"tag-news","21":"tag-republique-francaise","22":"tag-schiltigheim","23":"tag-strasbourg","24":"tag-strasbourg-nord"},"share_on_mastodon":{"url":"https:\/\/pubeurope.com\/@fr\/115129905681963229","error":""},"_links":{"self":[{"href":"https:\/\/www.europesays.com\/fr\/wp-json\/wp\/v2\/posts\/358648","targetHints":{"allow":["GET"]}}],"collection":[{"href":"https:\/\/www.europesays.com\/fr\/wp-json\/wp\/v2\/posts"}],"about":[{"href":"https:\/\/www.europesays.com\/fr\/wp-json\/wp\/v2\/types\/post"}],"author":[{"embeddable":true,"href":"https:\/\/www.europesays.com\/fr\/wp-json\/wp\/v2\/users\/2"}],"replies":[{"embeddable":true,"href":"https:\/\/www.europesays.com\/fr\/wp-json\/wp\/v2\/comments?post=358648"}],"version-history":[{"count":0,"href":"https:\/\/www.europesays.com\/fr\/wp-json\/wp\/v2\/posts\/358648\/revisions"}],"wp:featuredmedia":[{"embeddable":true,"href":"https:\/\/www.europesays.com\/fr\/wp-json\/wp\/v2\/media\/358649"}],"wp:attachment":[{"href":"https:\/\/www.europesays.com\/fr\/wp-json\/wp\/v2\/media?parent=358648"}],"wp:term":[{"taxonomy":"category","embeddable":true,"href":"https:\/\/www.europesays.com\/fr\/wp-json\/wp\/v2\/categories?post=358648"},{"taxonomy":"post_tag","embeddable":true,"href":"https:\/\/www.europesays.com\/fr\/wp-json\/wp\/v2\/tags?post=358648"}],"curies":[{"name":"wp","href":"https:\/\/api.w.org\/{rel}","templated":true}]}}