{"id":358660,"date":"2025-09-01T16:13:09","date_gmt":"2025-09-01T16:13:09","guid":{"rendered":"https:\/\/www.europesays.com\/fr\/358660\/"},"modified":"2025-09-01T16:13:09","modified_gmt":"2025-09-01T16:13:09","slug":"jeu-concours-grace-a-actu-bordeaux-gagnez-des-places-pour-le-nouveau-festival-hypnotize","status":"publish","type":"post","link":"https:\/\/www.europesays.com\/fr\/358660\/","title":{"rendered":"JEU-CONCOURS. Gr\u00e2ce \u00e0 actu Bordeaux, gagnez des places pour le nouveau festival Hypnotize"},"content":{"rendered":"<p>            Par<br \/>\n        <strong><br \/>\n            <a href=\"https:\/\/actu.fr\/auteur\/sports33\" title=\"Consulter tous les articles de Nicolas Gosselin\" rel=\"nofollow noopener\" target=\"_blank\">Nicolas Gosselin<\/a><br \/>\n        <\/strong><\/p>\n<p>        Publi\u00e9 le<\/p>\n<p>            1 sept. 2025 \u00e0 17h26        <\/p>\n<p>Une semaine apr\u00e8s l\u2019<a href=\"https:\/\/actu.fr\/nouvelle-aquitaine\/bordeaux_33063\/l-initial-festival-revient-a-bordeaux-et-de-nouveaux-noms-ont-ete-devoiles-voici-lesquels_62700465.html\" rel=\"nofollow noopener\" target=\"_blank\">Initial Festival<\/a>, le parc des expositions accueille un nouveau festival les 5 et 6 septembre 2025 avec la <strong>premi\u00e8re \u00e9dition d\u2019Hypnotize<\/strong>, un \u00e9v\u00e9nement qui met \u00e0 l\u2019honneur le <strong>rap<\/strong> et des t\u00eates d\u2019affiche comme<strong> Vald<\/strong>,<strong> SCH<\/strong> ou <strong>Booba<\/strong> (<a href=\"https:\/\/actu.fr\/nouvelle-aquitaine\/bordeaux_33063\/apres-booba-et-sch-de-nouveaux-noms-devoiles-pour-la-premiere-edition-du-festival-de-rap-hypnotize-a-bordeaux_62383577.html\" rel=\"nofollow noopener\" target=\"_blank\">voir programmation compl\u00e8te<\/a>). \u00c0 cette occasion, <a href=\"https:\/\/actu.fr\/bordeaux\/\" rel=\"nofollow noopener\" target=\"_blank\">actu Bordeaux<\/a> fait gagner deux pass 2 jours (<a href=\"https:\/\/feverup.com\/m\/289525?cp_landing=cta_hero&amp;cp_landing_term=cta_hero&amp;cp_landing_source=hypnotizefestival&amp;utm_source=google&amp;utm_medium=organic\" rel=\"nofollow noopener\" target=\"_blank\">d\u2019une valeur de 82,90 euros<\/a>) \u00e0 deux personnes tir\u00e9es au sort parmi les participants \u00e0 notre<strong> jeu-concours<\/strong>. Pour jouer, il suffit de remplir le formulaire ci-dessous, accessible uniquement pour les abonn\u00e9s. Si vous n\u2019\u00eates pas encore abonn\u00e9 \u00e0 actu Bordeaux, il est encore temps de r\u00e9parer cette erreur en souscrivant \u00e0 <a href=\"https:\/\/moncompte.actu.fr\/kiosque\/paywall\/actu-bordeaux_523ae9fb-a686-47f1-813e-28fdd588566f\" rel=\"nofollow noopener\" target=\"_blank\">notre offre \u00e0 1 \u20ac<\/a> (pour le premier mois).<\/p>\n<p class=\" wall-content\">Vous devez pr\u00e9ciser vos pr\u00e9nom, nom, coordonn\u00e9es ainsi que le num\u00e9ro client de votre abonnement, avant de renvoyer le formulaire, pour pouvoir participer au jeu-concours.<\/p>\n<p>Tirage au sort du jeu-concours ce jeudi 4 septembre. Les deux gagnants seront inform\u00e9s par retour de mail.<\/p>\n<p class=\" wall-content\">Personnalisez votre actualit\u00e9 en ajoutant vos villes et m\u00e9dias en favori avec <a href=\"https:\/\/moncompte.actu.fr\" title=\"D\u00e9couvez Mon Actu\" rel=\"nofollow noopener\" data-trk=\"{&quot;cta&quot;:{&quot;action&quot;:&quot;https:\\\/\\\/moncompte.actu.fr&quot;,&quot;category&quot;:&quot;mon compte&quot;,&quot;from&quot;:&quot;article footer&quot;,&quot;name&quot;:&quot;Mon actu&quot;,&quot;type&quot;:&quot;cta&quot;}}\" target=\"_blank\">Mon Actu<\/a>.<\/p>\n","protected":false},"excerpt":{"rendered":"Par Nicolas Gosselin Publi\u00e9 le 1 sept. 2025 \u00e0 17h26 Une semaine apr\u00e8s l\u2019Initial Festival, le parc des&hellip;\n","protected":false},"author":2,"featured_media":358661,"comment_status":"","ping_status":"","sticky":false,"template":"","format":"standard","meta":{"footnotes":""},"categories":[2817],"tags":[1111,11,1997,1777,674,849,1011,27,1652,873,12,2219,25],"class_list":{"0":"post-358660","1":"post","2":"type-post","3":"status-publish","4":"format-standard","5":"has-post-thumbnail","7":"category-bordeaux","8":"tag-actu","9":"tag-actualites","10":"tag-bordeaux","11":"tag-eu","12":"tag-europe","13":"tag-festival","14":"tag-fr","15":"tag-france","16":"tag-loisirs-culture","17":"tag-musique","18":"tag-news","19":"tag-nouvelle-aquitaine","20":"tag-republique-francaise"},"share_on_mastodon":{"url":"https:\/\/pubeurope.com\/@fr\/115129929231434475","error":""},"_links":{"self":[{"href":"https:\/\/www.europesays.com\/fr\/wp-json\/wp\/v2\/posts\/358660","targetHints":{"allow":["GET"]}}],"collection":[{"href":"https:\/\/www.europesays.com\/fr\/wp-json\/wp\/v2\/posts"}],"about":[{"href":"https:\/\/www.europesays.com\/fr\/wp-json\/wp\/v2\/types\/post"}],"author":[{"embeddable":true,"href":"https:\/\/www.europesays.com\/fr\/wp-json\/wp\/v2\/users\/2"}],"replies":[{"embeddable":true,"href":"https:\/\/www.europesays.com\/fr\/wp-json\/wp\/v2\/comments?post=358660"}],"version-history":[{"count":0,"href":"https:\/\/www.europesays.com\/fr\/wp-json\/wp\/v2\/posts\/358660\/revisions"}],"wp:featuredmedia":[{"embeddable":true,"href":"https:\/\/www.europesays.com\/fr\/wp-json\/wp\/v2\/media\/358661"}],"wp:attachment":[{"href":"https:\/\/www.europesays.com\/fr\/wp-json\/wp\/v2\/media?parent=358660"}],"wp:term":[{"taxonomy":"category","embeddable":true,"href":"https:\/\/www.europesays.com\/fr\/wp-json\/wp\/v2\/categories?post=358660"},{"taxonomy":"post_tag","embeddable":true,"href":"https:\/\/www.europesays.com\/fr\/wp-json\/wp\/v2\/tags?post=358660"}],"curies":[{"name":"wp","href":"https:\/\/api.w.org\/{rel}","templated":true}]}}