{"id":358669,"date":"2025-09-01T16:18:12","date_gmt":"2025-09-01T16:18:12","guid":{"rendered":"https:\/\/www.europesays.com\/fr\/358669\/"},"modified":"2025-09-01T16:18:12","modified_gmt":"2025-09-01T16:18:12","slug":"morgane-lheroine-la-serie-hpi-vide-son-dressing-a-la-braderie-de-lille-au-profit-dune-association","status":"publish","type":"post","link":"https:\/\/www.europesays.com\/fr\/358669\/","title":{"rendered":"Morgane, l&rsquo;h\u00e9ro\u00efne la s\u00e9rie HPI vide son dressing \u00e0 la braderie de Lille au profit d&rsquo;une association"},"content":{"rendered":"\n<p class=\"c-chapo \">\n  Les b\u00e9n\u00e9fices de cette vente iront \u00e0 la Fondation des Femmes, association qui vient en aide aux femmes victimes de violences et discriminations.\n<\/p>\n<p>            lire plus tard<\/p>\n<p id=\"dialog__title\" class=\"dialog__title\">Pour sauvegarder cet article, connectez-vous ou cr\u00e9ez un compte franceinfo<\/p>\n<p class=\"dialog__description\">Sans paiement. Sans abonnement.<\/p>\n<p>        Fermer la fen\u00eatre d\u2019activation des notifications France Info<\/p>\n<p>            cr\u00e9er votre compte<\/p>\n<p>            se connecter<\/p>\n<p>        Fermer la fen\u00eatre de pr\u00e9sentation<\/p>\n<p>    <img loading=\"lazy\" decoding=\"async\" class=\"signature__image lazyload\" width=\"100\" height=\"100\" data- alt=\"\" src=\"https:\/\/www.europesays.com\/fr\/wp-content\/uploads\/2025\/05\/64abd44855ee1_placeholder-36b69ec8.png\"\/><\/p>\n<p>          France T\u00e9l\u00e9visions &#8211; R\u00e9daction Culture<\/p>\n<p>    Publi\u00e9 le 01\/09\/2025 17:22<\/p>\n<p>        Temps de lecture : 2min<\/p>\n<p>    <img decoding=\"async\"  alt=\"Audrey Fleurot dans la s\u00e9rie &quot;HPI&quot;, 2023 (MANUELLE TOUSSAINT \/ SEPTEMBRE PRODUCTIONS \/ ITINERAIRE PRODUCTIONS \/ UGC \/ TF1)\" width=\"432\" height=\"243\" src=\"https:\/\/www.europesays.com\/fr\/wp-content\/uploads\/2025\/09\/hpi-68b5b6e66c795277578132.jpeg\" fetchpriority=\"high\"\/><\/p>\n<p>      Audrey Fleurot dans la s\u00e9rie \u00ab\u00a0HPI\u00a0\u00bb, 2023 (MANUELLE TOUSSAINT \/ SEPTEMBRE PRODUCTIONS \/ ITINERAIRE PRODUCTIONS \/ UGC \/ TF1)<\/p>\n<p>Pour les ultimes \u00e9pisodes de HPI, son h\u00e9ro\u00efne, Morgane, vide ses placards : des objets et costumes embl\u00e9matiques seront vendus samedi et dimanche \u00e0 la braderie de Lille, ville o\u00f9 se d\u00e9roule la s\u00e9rie ph\u00e9nom\u00e8ne, a annonc\u00e9 la cha\u00eene TF1 lundi.<\/p>\n<p>Cette op\u00e9ration co\u00efncide avec le d\u00e9but de la diffusion des derniers \u00e9pisodes de HPI, jeudi soir, apr\u00e8s cinq saisons.\u00a0Dans ce \u00ab\u00a0vide-dressing g\u00e9ant\u00a0\u00bb, il y aura \u00ab\u00a0des centaines de v\u00eatements, chaussures et accessoires expos\u00e9s\u00a0\u00bb et \u00ab\u00a0des animations et des quiz pour les fans\u00a0\u00bb, a indiqu\u00e9 TF1 dans un communiqu\u00e9. Outre la vente, des lots pourront \u00eatre remport\u00e9s lors d&rsquo;une tombola.<\/p>\n<p>Lanc\u00e9e en 2021, HPI a battu des records d&rsquo;audience et marqu\u00e9 l&rsquo;histoire r\u00e9cente de la t\u00e9l\u00e9. Son h\u00e9ro\u00efne est Morgane Alvaro, jou\u00e9e par Audrey Fleurot. Cette femme de m\u00e9nage \u00e0 la personnalit\u00e9 extravertie et aux tenues voyantes (couleurs fluo et imprim\u00e9 panth\u00e8re) est recrut\u00e9e pour aider la police gr\u00e2ce \u00e0 son haut potentiel intellectuel (HPI).<\/p>\n<p>L&rsquo;un des \u00e9pisodes de la premi\u00e8re saison avait d\u00e9pass\u00e9 les 12 millions de t\u00e9l\u00e9spectateurs (replay inclus), record pour une s\u00e9rie depuis 2005. Diffus\u00e9e en 2024, la quatri\u00e8me saison en a attir\u00e9 en moyenne 8,3 millions par \u00e9pisode (replay inclus).<\/p>\n<\/p>\n<p>Les quatre premiers \u00e9pisodes de la derni\u00e8re saison ont \u00e9t\u00e9 diffus\u00e9s en mai et en juin, et les quatre derniers le seront \u00e0 partir de jeudi (21h10). Des remakes sont n\u00e9s dans une dizaine de pays, dont les Etats-Unis (sous le titre \u00ab\u00a0High Potential\u00a0\u00bb).<\/p>\n<p>La braderie de Lille est l&rsquo;un des plus grands march\u00e9s aux puces d&rsquo;Europe, qui attire chaque ann\u00e9e pr\u00e8s de 2,5 millions de visiteurs.<\/p>\n","protected":false},"excerpt":{"rendered":"Les b\u00e9n\u00e9fices de cette vente iront \u00e0 la Fondation des Femmes, association qui vient en aide aux femmes&hellip;\n","protected":false},"author":2,"featured_media":358670,"comment_status":"","ping_status":"","sticky":false,"template":"","format":"standard","meta":{"footnotes":""},"categories":[2815],"tags":[1111,11,1777,674,1011,27,811,1307,12,25],"class_list":{"0":"post-358669","1":"post","2":"type-post","3":"status-publish","4":"format-standard","5":"has-post-thumbnail","7":"category-lille","8":"tag-actu","9":"tag-actualites","10":"tag-eu","11":"tag-europe","12":"tag-fr","13":"tag-france","14":"tag-hauts-de-france","15":"tag-lille","16":"tag-news","17":"tag-republique-francaise"},"share_on_mastodon":{"url":"https:\/\/pubeurope.com\/@fr\/115129948841640519","error":""},"_links":{"self":[{"href":"https:\/\/www.europesays.com\/fr\/wp-json\/wp\/v2\/posts\/358669","targetHints":{"allow":["GET"]}}],"collection":[{"href":"https:\/\/www.europesays.com\/fr\/wp-json\/wp\/v2\/posts"}],"about":[{"href":"https:\/\/www.europesays.com\/fr\/wp-json\/wp\/v2\/types\/post"}],"author":[{"embeddable":true,"href":"https:\/\/www.europesays.com\/fr\/wp-json\/wp\/v2\/users\/2"}],"replies":[{"embeddable":true,"href":"https:\/\/www.europesays.com\/fr\/wp-json\/wp\/v2\/comments?post=358669"}],"version-history":[{"count":0,"href":"https:\/\/www.europesays.com\/fr\/wp-json\/wp\/v2\/posts\/358669\/revisions"}],"wp:featuredmedia":[{"embeddable":true,"href":"https:\/\/www.europesays.com\/fr\/wp-json\/wp\/v2\/media\/358670"}],"wp:attachment":[{"href":"https:\/\/www.europesays.com\/fr\/wp-json\/wp\/v2\/media?parent=358669"}],"wp:term":[{"taxonomy":"category","embeddable":true,"href":"https:\/\/www.europesays.com\/fr\/wp-json\/wp\/v2\/categories?post=358669"},{"taxonomy":"post_tag","embeddable":true,"href":"https:\/\/www.europesays.com\/fr\/wp-json\/wp\/v2\/tags?post=358669"}],"curies":[{"name":"wp","href":"https:\/\/api.w.org\/{rel}","templated":true}]}}