{"id":358694,"date":"2025-09-01T16:31:10","date_gmt":"2025-09-01T16:31:10","guid":{"rendered":"https:\/\/www.europesays.com\/fr\/358694\/"},"modified":"2025-09-01T16:31:10","modified_gmt":"2025-09-01T16:31:10","slug":"les-etats-unis-musellent-la-palestine-a-lonu-en-refus-les-visas-de-mahmoud-abbas-et-de-80-dirigeants-de-lolp","status":"publish","type":"post","link":"https:\/\/www.europesays.com\/fr\/358694\/","title":{"rendered":"Les \u00c9tats-Unis musellent la Palestine \u00e0 l\u2019ONU en refus les visas de Mahmoud Abbas et de 80 dirigeants de l\u2019OLP"},"content":{"rendered":"<p>Quelle meilleure fa\u00e7on de brandir l\u2019\u00e9pouvantail s\u00e9curitaire pour \u00e9touffer tout d\u00e9bat\u00a0? \u00ab\u00a0L\u2019administration Trump r\u00e9affirme son engagement \u00e0 ne pas r\u00e9compenser le terrorisme\u00a0\u00bb\u00a0: au nom de ce principe, Washington refuse les visas de plus de 80 responsables palestiniens, dont <a href=\"https:\/\/www.humanite.fr\/monde\/mahmoud-abbas\/gaza-arretez-denvoyer-des-armes-a-israel-lance-mahmoud-abbas-a-lonu\" target=\"_blank\" rel=\"noopener\">le pr\u00e9sident de l\u2019Autorit\u00e9 palestinienne, Mahmoud Abbas.<\/a><\/p>\n<p>Publi\u00e9 le 29\u00a0septembre, ce communiqu\u00e9 de la Maison-Blanche illustre l\u2019isolement \u00e9tats-unien, \u00e0 contre-courant d\u2019un mouvement international favorable \u00e0<a href=\"https:\/\/www.humanite.fr\/monde\/diplomatie-francaise\/reconnaissance-de-la-palestine-guerre-en-ukraine-emmanuel-macron-sous-le-feux-des-allies-de-la-france\" target=\"_blank\" rel=\"noopener\"> la reconnaissance de la Palestine, d\u00e9j\u00e0 act\u00e9e par 147 pays.<\/a>\u00a0Apr\u00e8s la d\u00e9cision de la France, en juillet, d\u2019aller en ce sens \u2013 une premi\u00e8re pour un pays du G7 \u2013, une dizaine d\u2019\u00c9tats ont appel\u00e9 \u00e0 suivre, certains avec des conditions.<\/p>\n<p>Les \u00c9tats-Unis entravent la d\u00e9l\u00e9gation palestinienne \u00e0 l\u2019ONU<\/p>\n<p>Membre observateur de l\u2019ONU, la Palestine se heurte \u00e0 l\u2019hostilit\u00e9 \u00e9tats-unienne. Washington bloque sa d\u00e9l\u00e9gation pour freiner la marche vers sa reconnaissance.<\/p>\n<p>Attach\u00e9 \u00e0 d\u00e9fendre son alli\u00e9 isra\u00e9lien, le secr\u00e9taire d\u2019\u00c9tat, Marco Rubio, accuse<a href=\"https:\/\/www.humanite.fr\/culture-et-savoir\/palestine\/le-30-mai-1964-naissait-lorganisation-de-liberation-de-la-palestine\" target=\"_blank\" rel=\"noopener\"> l\u2019Organisation de lib\u00e9ration de la Palestine (OLP)<\/a> et l\u2019Autorit\u00e9 palestinienne (AP) de \u00ab\u00a0non-respect de leurs engagements\u00a0\u00bb, \u00ab\u00a0d\u2019atteinte aux perspectives de paix\u00a0\u00bb et de ne pas suffisamment lutter contre le terrorisme, en lien avec la trag\u00e9die du 7\u00a0octobre 2023.<\/p>\n<p>Celui qui d\u00e9fend les actions militaires isra\u00e9liennes dans les territoires palestiniens, condamn\u00e9es dans le monde entier, conditionne la d\u00e9livrance des visas \u00e0 l\u2019abandon de la reconnaissance \u00ab\u00a0unilat\u00e9rale\u00a0\u00bb d\u2019un \u00c9tat palestinien et au retrait des recours devant la Cour p\u00e9nale internationale (CPI), laquelle a \u00e9mis en novembre 2024 un mandat d\u2019arr\u00eat contre Benyamin Netanyahou, <a href=\"https:\/\/www.humanite.fr\/monde\/crimes-de-guerre\/jai-vu-des-enfants-qui-meurent-de-faim-a-gaza-la-famine-atteint-un-point-de-rupture-alerte-lonu\" target=\"_blank\" rel=\"noopener\">pour crimes de guerre et crimes contre l\u2019humanit\u00e9 \u00e0 Gaza.<\/a><\/p>\n<p>\u00ab\u00a0La d\u00e9cision de l\u2019administration Trump vise \u00e0 nier la possibilit\u00e9 de cr\u00e9ation d\u2019un \u00c9tat palestinien et \u00e0 \u00e9craser toute manifestation de nationalisme palestinien\u00a0\u00bb, analyse Nader Hashemi, chercheur \u00e0 l\u2019universit\u00e9 de Georgetown, \u00e0 Washington, aupr\u00e8s de L\u2019Orient-Le\u00a0jour.<\/p>\n<p>Isra\u00ebl soutient les restrictions am\u00e9ricaines<\/p>\n<p>Salu\u00e9e par le gouvernement isra\u00e9lien, la mesure contrevient \u00e0 l\u2019accord de si\u00e8ge de 1947, qui impose au pays h\u00f4te de garantir l\u2019acc\u00e8s de tous les repr\u00e9sentants et observateurs, sauf menace directe et grave pour sa s\u00e9curit\u00e9. Washington r\u00e9plique que l\u2019interdiction ne concerne pas la mission palestinienne aupr\u00e8s de l\u2019ONU, mais les fonctionnaires de l\u2019OLP \u2013 reconnu depuis 1974 comme le repr\u00e9sentant officiel du peuple palestinien \u2013 et de l\u2019AP.<\/p>\n<p>Les restrictions \u00e9tats-uniennes violent le droit international, comme l\u2019ont rappel\u00e9 l\u2019Union europ\u00e9enne, par la voix de la cheffe de sa diplomatie, Kaja Kallas, et les Nations unies. Un pr\u00e9c\u00e9dent existe\u00a0: en 1988, l\u2019administration Reagan avait refus\u00e9 un visa \u00e0 <a href=\"https:\/\/www.humanite.fr\/monde\/ariel-sharon\/israel-palestine-quand-le-passe-eclaire-le-present\" target=\"_blank\" rel=\"noopener\">Yasser Arafat,<\/a> une man\u0153uvre vivement contest\u00e9e, y compris par l\u2019Assembl\u00e9e g\u00e9n\u00e9rale qui, en opposition avec la volont\u00e9 minoritaire \u00e9tats-unienne, avait majoritairement d\u00e9cid\u00e9 d\u2019organiser sa session hors si\u00e8ge, \u00e0 Gen\u00e8ve, permettant ainsi au leader palestinien de participer \u00e0 la r\u00e9union.<\/p>\n<p>Le Parti communiste fran\u00e7ais r\u00e9clame la m\u00eame initiative s\u2019agissant de Mahmoud Abbas, alors qu\u2019une intervention virtuelle est aussi envisag\u00e9e. Reste \u00e0 voir si, cette fois encore, les pressions internationales tenteront de reproduire le sc\u00e9nario de 1988, au risque de fragiliser une fois de plus la repr\u00e9sentation\u00a0palestinienne.<\/p>\n<p>\u00catre le journal de la paix, notre d\u00e9fi quotidien<\/p>\n<p>Depuis Jaur\u00e8s, la d\u00e9fense de la paix est dans notre ADN.<\/p>\n<ul class=\"wp-block-list\">\n<li>Qui informe encore aujourd\u2019hui sur <strong>les actions des pacifistes<\/strong> pour le d\u00e9sarmement\u00a0?<\/li>\n<li>Combien de m\u00e9dias rappellent que <strong>les combats de d\u00e9colonisation <\/strong>ont encore cours, et qu\u2019ils doivent \u00eatre soutenus\u00a0?<\/li>\n<li>Combien valorisent les <strong>solidarit\u00e9s internationales<\/strong>, et s\u2019engagent sans ambigu\u00eft\u00e9 aux c\u00f4t\u00e9s des exil\u00e9s\u00a0?<\/li>\n<\/ul>\n<p><strong>Nos valeurs n\u2019ont pas de fronti\u00e8res.<\/strong><\/p>\n<p>Aidez-nous \u00e0 soutenir le droit \u00e0 l\u2019autod\u00e9termination et l\u2019option de la paix.<br \/><a href=\"https:\/\/www.humanite.fr\/lhumanite-cest-vous\" target=\"_blank\" rel=\"noopener\">Je veux en savoir plus\u00a0!<\/a><\/p>\n","protected":false},"excerpt":{"rendered":"Quelle meilleure fa\u00e7on de brandir l\u2019\u00e9pouvantail s\u00e9curitaire pour \u00e9touffer tout d\u00e9bat\u00a0? \u00ab\u00a0L\u2019administration Trump r\u00e9affirme son engagement \u00e0 ne&hellip;\n","protected":false},"author":2,"featured_media":358695,"comment_status":"","ping_status":"","sticky":false,"template":"","format":"standard","meta":{"footnotes":""},"categories":[1589],"tags":[11,73,1866,11415,12,1864,1865,1863,308],"class_list":{"0":"post-358694","1":"post","2":"type-post","3":"status-publish","4":"format-standard","5":"has-post-thumbnail","7":"category-etats-unis","8":"tag-actualites","9":"tag-etats-unis","10":"tag-etats-unis-damerique","11":"tag-nations-unies","12":"tag-news","13":"tag-united-states","14":"tag-united-states-of-america","15":"tag-us","16":"tag-usa"},"share_on_mastodon":{"url":"https:\/\/pubeurope.com\/@fr\/115130000010876620","error":""},"_links":{"self":[{"href":"https:\/\/www.europesays.com\/fr\/wp-json\/wp\/v2\/posts\/358694","targetHints":{"allow":["GET"]}}],"collection":[{"href":"https:\/\/www.europesays.com\/fr\/wp-json\/wp\/v2\/posts"}],"about":[{"href":"https:\/\/www.europesays.com\/fr\/wp-json\/wp\/v2\/types\/post"}],"author":[{"embeddable":true,"href":"https:\/\/www.europesays.com\/fr\/wp-json\/wp\/v2\/users\/2"}],"replies":[{"embeddable":true,"href":"https:\/\/www.europesays.com\/fr\/wp-json\/wp\/v2\/comments?post=358694"}],"version-history":[{"count":0,"href":"https:\/\/www.europesays.com\/fr\/wp-json\/wp\/v2\/posts\/358694\/revisions"}],"wp:featuredmedia":[{"embeddable":true,"href":"https:\/\/www.europesays.com\/fr\/wp-json\/wp\/v2\/media\/358695"}],"wp:attachment":[{"href":"https:\/\/www.europesays.com\/fr\/wp-json\/wp\/v2\/media?parent=358694"}],"wp:term":[{"taxonomy":"category","embeddable":true,"href":"https:\/\/www.europesays.com\/fr\/wp-json\/wp\/v2\/categories?post=358694"},{"taxonomy":"post_tag","embeddable":true,"href":"https:\/\/www.europesays.com\/fr\/wp-json\/wp\/v2\/tags?post=358694"}],"curies":[{"name":"wp","href":"https:\/\/api.w.org\/{rel}","templated":true}]}}