{"id":358702,"date":"2025-09-01T16:35:13","date_gmt":"2025-09-01T16:35:13","guid":{"rendered":"https:\/\/www.europesays.com\/fr\/358702\/"},"modified":"2025-09-01T16:35:13","modified_gmt":"2025-09-01T16:35:13","slug":"chat-control-lunion-europeene-voudrait-une-ia-qui-analyse-toutes-vos-communications","status":"publish","type":"post","link":"https:\/\/www.europesays.com\/fr\/358702\/","title":{"rendered":"Chat Control\u202f: l&rsquo;union europ\u00e9ene voudrait une IA qui analyse&#8230; toutes vos communications"},"content":{"rendered":"<p>Arriv\u00e9e initialement en <a href=\"https:\/\/www.edpb.europa.eu\/system\/files\/2023-02\/edpb_edps_jointopinion_202204_csam_fr.pdf\" target=\"_blank\" rel=\"noopener nofollow\" title=\"2022 \u00e0 la Commission Europ\u00e9enne\">2022 \u00e0 la Commission Europ\u00e9enne<\/a> sous une pr\u00e9sidence de la Su\u00e8de, le <strong>R\u00e8glement \u00e9tablissant des r\u00e8gles en vue de pr\u00e9venir et de combattre les abus sexuels sur enfants<\/strong> \u2014 que nous appellerons <strong>Chat Control <\/strong>par la suite, vous devinerez rapidement pourquoi \u2014 est un proposition de r\u00e9glementation europ\u00e9enne visant \u00e0 obliger les fournisseurs de service de messagerie instantan\u00e9e \u00e0 appliquer de mani\u00e8re automatique et syst\u00e9matique des filtres de d\u00e9tection des contenus sensibles (comprendre, sexuels) afin d\u2019en prot\u00e9ger les mineurs et lutter contre la p\u00e9dopornographie. Un noble but, sans aucun doute. Dans la pratique, les choses sont bien plus complexes.<\/p>\n<p><img decoding=\"async\" src=\"https:\/\/www.europesays.com\/fr\/wp-content\/uploads\/2025\/09\/europe-numerique.webp.webp\" loading=\"lazy\" width=\"3840\" height=\"911\" data-path=\"local-images:\/actus\/droit\/europe-numerique.webp\" style=\"display: block; margin-left: auto; margin-right: auto;\" alt=\"Europe Numerique\"\/><\/p>\n<p>En effet, dans un contexte o\u00f9 la <a href=\"https:\/\/hardwareand.co\/actualites\/longues\/analyse-du-projet-de-loi-visant-a-securiser-et-reguler-l-espace-numerique\" target=\"_blank\" rel=\"noopener nofollow\" title=\"v\u00e9rification d\u2019\u00e2ges des internautes\">v\u00e9rification d\u2019\u00e2ges des internautes<\/a> sur les sites adultes est on ne peut plus au go\u00fbt du jour avec <a href=\"https:\/\/next.ink\/197204\/verification-dage-larcom-se-rejouit-mais-les-sites-pornos-restent-des-passoires\/\" target=\"_blank\" rel=\"noopener nofollow\" title=\"une efficacit\u00e9 plus que d\u00e9battable\">une efficacit\u00e9 plus que d\u00e9battable<\/a>, voil\u00e0 qu\u2019un squelette revient des placards pour toujours plus de surveillance du Net. Initialement, Chat Control imposait \u00e0 toutes les entreprises offrant \u00e0 leurs utilisateurs un moyen de communication ou du stockage en ligne l\u2019obligation d\u2019analyser l\u2019<strong>int\u00e9gralit\u00e9<\/strong> des messages et m\u00e9dias envoy\u00e9s par ses utilisateurs afin de d\u00e9tecter, signaler et retirer tout contenu sexuel ill\u00e9gal incluant des mineurs. Si la chose est d\u00e9j\u00e0 en place sur les plateformes d\u2019h\u00e9bergement de contenu publiques (qu\u2019il s\u2019agisse des sites pornographiques comme des r\u00e9seaux sociaux), l\u2019\u00e9tendue de la surveillance \u00e0 vos conversations priv\u00e9es pose de nombreux risques. Dans la premi\u00e8re version du texte, le r\u00e8glement \u00e9tait incompatible avec le chiffrement de bout en bout, c\u2019est-\u00e0-dire le m\u00e9canisme prot\u00e9geant les donn\u00e9es transf\u00e9r\u00e9es en garantissant que seuls votre interlocuteur et vous \u00eates capables d\u2019obtenir une version lisible du message.<\/p>\n<p>Une fonctionnalit\u00e9 pourtant essentielle des messageries instantan\u00e9es comme <strong>What\u2019s App<\/strong>, <strong>Telegram<\/strong>, et, plus r\u00e9cemment, <strong>Facebook<\/strong>\u202f; autant pour des questions de s\u00e9curit\u00e9 \u2014 ne vous est-il jamais arriv\u00e9 d\u2019envoyer un mot de passe ou une clef WiFi par WhatApp\u202f? \u2014 que l\u00e9gale \u2014 l\u2019h\u00e9bergeur n\u2019est pas en capacit\u00e9 technique de fournir des donn\u00e9es \u00e0 un organisme tiers, par exemple un \u00e9tat autoritaire souhaitant tracer ses opposants <a href=\"http:\/\/www.madore.org\/~david\/weblog\/d.2025-07-31.2827.xxx-censorship.html\" target=\"_blank\" rel=\"noopener nofollow\" title=\"ou \u00e9touffer indirectement diverses minorit\u00e9s\">ou \u00e9touffer indirectement diverses minorit\u00e9s<\/a>, ou encore un copinage un peu trop z\u00e9l\u00e9 entre entreprises. Si jamais la question vous int\u00e9resse, <strong>Discord<\/strong> n\u2019est en revanche pas de la partie, et fait m\u00eame tranquillou des r\u00e9sum\u00e9s par IA de vos \u00e9crits (it\u2019s not a bug confidentiality leak, it\u2019s a feature!). Rajoutez un peu d\u2019\u00e9thique\u202f: d\u2019une part, la perspective que n\u2019importe qui puisse avoir acc\u00e8s \u00e0 votre vie priv\u00e9e a de quoi fait froid dans le dos. D\u2019autre part, la d\u00e9l\u00e9gation de la mod\u00e9ration et de la v\u00e9rification est connue pour \u00eatre soit automatis\u00e9e (nous pensons \u00e9galement \u00e0 l\u2019IA, \u00e0 sa gourmandise \u00e9nerg\u00e9tique et, surtout, \u00e0 ses biais), induisant un fort risque de faux positifs\u202f; soit d\u2019\u00e9quipes sous la responsabilit\u00e9 des entreprises (qui sont connues pour <a href=\"https:\/\/www.rfi.fr\/fr\/afrique\/20230329-kenya-la-difficile-lutte-des-mod%C3%A9rateurs-contre-facebook-et-son-sous-traitant-sama\" target=\"_blank\" rel=\"noopener nofollow\" title=\"sous-traiter ce travail dans des pays \u00e9mergents\">sous-traiter ce travail dans des pays \u00e9mergents<\/a>). Au niveau technique, la g\u00e9olocalisation bas\u00e9e sur les adresses IP se contourne \u00e9galement facilement avec un VPN localis\u00e9 en dehors des \u00e9tats membres, ce qui restreint d\u2019autant plus l\u2019efficacit\u00e9 pratique d\u2019un potentiel contr\u00f4le. Voil\u00e0 donc une mesure dont la mise en application semble bien plus hasardeuse que son noble but\u202f!<\/p>\n<p><img decoding=\"async\" src=\"https:\/\/www.europesays.com\/fr\/wp-content\/uploads\/2025\/09\/john-jonik-how-would-you-like-this-wrapped.webp.webp\" loading=\"lazy\" width=\"441\" height=\"400\" data-path=\"local-images:\/actus\/droit\/john-jonik-how-would-you-like-this-wrapped.webp\" style=\"display: block; margin-left: auto; margin-right: auto;\" alt=\"John Jonik How Would You Like This Wrapped\"\/><\/p>\n<p class=\"legende\">Un dessin qui remonte au moins aux ann\u00e9es\u00a02000\u202f: le d\u00e9bat n\u2019a rien de nouveau\u202f!<\/p>\n<p>Pour toutes ces raisons, la premi\u00e8re version de Chat Control a \u00e9t\u00e9 retravaill\u00e9e de mani\u00e8re \u00e0 \u00eatre compatible avec ce chiffrement de bout en bout\u2026 mais fut tout de m\u00eame <a href=\"https:\/\/www.edpb.europa.eu\/system\/files\/2024-02\/edpb_statement_202401_proposal_regulation_prevent_combat_child_sexual_abuse_en.pdf\" target=\"_blank\" rel=\"noopener nofollow\" title=\"retoqu\u00e9e d\u00e9but\u00a02024\">retoqu\u00e9e d\u00e9but\u00a02024<\/a> du fait de l\u2019atteinte aux droits fondamentaux \u00e0 la vie priv\u00e9e et \u00e0 la protection de donn\u00e9es qu\u2019elle induit. Plus pr\u00e9cis\u00e9ment, le <strong>Comit\u00e9 europ\u00e9en de la protection des donn\u00e9es<\/strong> a jug\u00e9 qu\u2019en l\u2019\u00e9tat, le projet ne permettait pas de garantir en pratique que seuls les individus susceptibles d\u2019abus sur mineurs seraient traqu\u00e9s. Comprenez que les parlementaires craignent que la loi ne serve d\u2019excuse pour mettre en place une surveillance de masse syst\u00e9matique. Un argument sans surprise partag\u00e9 par le parti pirate, qui <a href=\"https:\/\/partipirate.org\/blog\/ChatControl\" target=\"_blank\" rel=\"noopener nofollow\" title=\"souligne de surcro\u00eet l\u2019inefficacit\u00e9 de la chose en prenant l\u2019exemple de la Suisse\">souligne de surcro\u00eet l\u2019inefficacit\u00e9 de la chose en prenant l\u2019exemple de la Suisse<\/a>.<\/p>\n<p>Pourtant, la question continue de <a href=\"https:\/\/www.europarl.europa.eu\/doceo\/document\/E-10-2025-003250_EN.html\" target=\"_blank\" rel=\"noopener nofollow\" title=\"faire d\u00e9bat\">faire d\u00e9bat<\/a> au parlement europ\u00e9en. En effet, un consensus clair n\u2019a pas \u00e9t\u00e9 trouv\u00e9 quant \u00e0 la proposition, qui reste alors \u00ab\u00a0<a href=\"https:\/\/fr.wikipedia.org\/wiki\/R%C3%A8glement_%C3%A9tablissant_des_r%C3%A8gles_en_vue_de_pr%C3%A9venir_et_de_combattre_les_abus_sexuels_sur_enfants#cite_note-7\" target=\"_blank\" rel=\"noopener nofollow\" title=\"en discussion\">en discussion<\/a>\u00a0\u00bb\u2026 <a href=\"https:\/\/www.techradar.com\/computing\/cyber-security\/the-eu-could-be-scanning-your-chats-by-october-2025-heres-everything-we-know\" target=\"_blank\" rel=\"noopener nofollow\" title=\"un statut sur lequel le Danemark\">un statut sur lequel le Danemark<\/a>, actuellement en pr\u00e9sidence de l\u2019Union depuis le 1er\u00a0juillet, compte bien surfer pour remettre <a href=\"https:\/\/cdn.netzpolitik.org\/wp-upload\/2025\/07\/2025-07-24_Council_Presidency_LEWP_CSA-R_Compromise-texts_11596.pdf\" target=\"_blank\" rel=\"noopener nofollow\" title=\"une derni\u00e8re version de la proposition\">une derni\u00e8re version de la proposition<\/a> \u00e0 l\u2019agenda politique. Un vote aura ainsi lieu le <strong>14\u00a0octobre\u00a0<\/strong>prochain <a href=\"https:\/\/www.usine-digitale.fr\/article\/reglement-chat-control-les-messageries-bientot-sous-surveillance-europeenne.N2236661\" target=\"_blank\" rel=\"noopener nofollow\" title=\"quant \u00e0 son adoption\">quant \u00e0 son adoption<\/a>, et, similairement \u00e0 <a href=\"https:\/\/hardwareand.co\/actualites\/breves\/stop-killing-games-le-million-de-signature-depasse-pour-la-petition-europeene\" target=\"_blank\" rel=\"noopener nofollow\" title=\"Stop Killing Games\">Stop Killing Games<\/a>, une partie des internautes s\u2019est group\u00e9e pour militer contre la mesure, accompagn\u00e9e de diverses entreprises habitu\u00e9es de la confidentialit\u00e9 tels <a href=\"https:\/\/proton.me\/blog\/eu-parliament-chat-control\" target=\"_blank\" rel=\"noopener nofollow\" title=\"Proton\">Proton<\/a> ou <a href=\"https:\/\/mullvad.net\/en\/chatcontrol\" rel=\"noopener nofollow\" title=\"Mullvad\" target=\"_blank\">Mullvad<\/a>. Pour y voir plus clair (et polariser d\u2019autant plus le d\u00e9bat, soyons honn\u00eates), un site nomm\u00e9 <a href=\"https:\/\/fightchatcontrol.eu\/\" target=\"_blank\" rel=\"noopener nofollow\" title=\"Fight Chat Control\">Fight Chat Control<\/a> a \u00e9t\u00e9 mis en ligne, qui r\u00e9capitule les positions des \u00e9tats membres ainsi que les moyens de contact des eurod\u00e9put\u00e9s, afin que vous puissiez leur faire part de votre m\u00e9contentement. C\u00f4t\u00e9 France, la balance serait pour le moment du c\u00f4t\u00e9 du support de la mesure, bien que les positions exactes des d\u00e9put\u00e9s ne soient pas connues.<\/p>\n<p class=\"lien\"><a href=\"https:\/\/fightchatcontrol.eu\/\" target=\"_blank\" rel=\"noopener nofollow\" title=\"Par ici pour Fight Chat Control\">Par ici pour Fight Chat Control<\/a><\/p>\n<p class=\"lien\"><a href=\"https:\/\/iloth.net\/2023\/05\/traduction-du-dossier-chat-control-2-0-de-patrick-breyer\/\" target=\"_blank\" rel=\"noopener nofollow\" title=\"Par ici pour un r\u00e9capitulatif des mesures et une chronologie de l\u2019affaire, par le parti Pirate\">Par ici pour un r\u00e9capitulatif des mesures et une chronologie de l\u2019affaire, par le parti Pirate<\/a><\/p>\n<p style=\"aspect-ratio: 3840\/2160;max-width: 3840px;margin:auto;\">\n<p class=\"legende\">Un petit r\u00e9sum\u00e9 rapide du projet de r\u00e9glementation.<\/p>\n<p>             <img decoding=\"async\" id=\"content-article-end-banner\" class=\"author-banner\" title=\"Banni\u00e8re de l'auteur\" src=\"https:\/\/www.europesays.com\/fr\/wp-content\/uploads\/2025\/09\/double-doc.webp.webp\" loading=\"lazy\" alt=\"Double Doc\" width=\"1534\" height=\"303\"\/><\/p>\n","protected":false},"excerpt":{"rendered":"Arriv\u00e9e initialement en 2022 \u00e0 la Commission Europ\u00e9enne sous une pr\u00e9sidence de la Su\u00e8de, le R\u00e8glement \u00e9tablissant des&hellip;\n","protected":false},"author":2,"featured_media":358703,"comment_status":"","ping_status":"","sticky":false,"template":"","format":"standard","meta":{"footnotes":""},"categories":[1586],"tags":[11,1777,674,1779,1011,27,12,25,1778,364],"class_list":{"0":"post-358702","1":"post","2":"type-post","3":"status-publish","4":"format-standard","5":"has-post-thumbnail","7":"category-europe","8":"tag-actualites","9":"tag-eu","10":"tag-europe","11":"tag-european-union","12":"tag-fr","13":"tag-france","14":"tag-news","15":"tag-republique-francaise","16":"tag-ue","17":"tag-union-europeenne"},"share_on_mastodon":{"url":"https:\/\/pubeurope.com\/@fr\/115130015900894957","error":""},"_links":{"self":[{"href":"https:\/\/www.europesays.com\/fr\/wp-json\/wp\/v2\/posts\/358702","targetHints":{"allow":["GET"]}}],"collection":[{"href":"https:\/\/www.europesays.com\/fr\/wp-json\/wp\/v2\/posts"}],"about":[{"href":"https:\/\/www.europesays.com\/fr\/wp-json\/wp\/v2\/types\/post"}],"author":[{"embeddable":true,"href":"https:\/\/www.europesays.com\/fr\/wp-json\/wp\/v2\/users\/2"}],"replies":[{"embeddable":true,"href":"https:\/\/www.europesays.com\/fr\/wp-json\/wp\/v2\/comments?post=358702"}],"version-history":[{"count":0,"href":"https:\/\/www.europesays.com\/fr\/wp-json\/wp\/v2\/posts\/358702\/revisions"}],"wp:featuredmedia":[{"embeddable":true,"href":"https:\/\/www.europesays.com\/fr\/wp-json\/wp\/v2\/media\/358703"}],"wp:attachment":[{"href":"https:\/\/www.europesays.com\/fr\/wp-json\/wp\/v2\/media?parent=358702"}],"wp:term":[{"taxonomy":"category","embeddable":true,"href":"https:\/\/www.europesays.com\/fr\/wp-json\/wp\/v2\/categories?post=358702"},{"taxonomy":"post_tag","embeddable":true,"href":"https:\/\/www.europesays.com\/fr\/wp-json\/wp\/v2\/tags?post=358702"}],"curies":[{"name":"wp","href":"https:\/\/api.w.org\/{rel}","templated":true}]}}