{"id":358710,"date":"2025-09-01T16:39:20","date_gmt":"2025-09-01T16:39:20","guid":{"rendered":"https:\/\/www.europesays.com\/fr\/358710\/"},"modified":"2025-09-01T16:39:20","modified_gmt":"2025-09-01T16:39:20","slug":"omega-european-masters-coussaud-et-vaillant-a-la-17e-place","status":"publish","type":"post","link":"https:\/\/www.europesays.com\/fr\/358710\/","title":{"rendered":"Omega European Masters\u00a0: Coussaud et Vaillant \u00e0 la 17e place"},"content":{"rendered":"<p>Les meilleurs Fran\u00e7ais de cette semaine ont d\u00fb se contenter de la 17e place. <strong>Ugo Coussaud<\/strong>, qui a sign\u00e9 une carte de 68 (-2), a termin\u00e9 aux c\u00f4t\u00e9s de <strong>Tom Vaillant <\/strong>et son 66 (-4), \u00e0 -13 total. Tous les deux grapillent ainsi des places \u00e0 la <strong>Race to Dubai<\/strong>, Coussaud pour monter au 68e rang, et Tom Vaillant au 125e, soit 12 places de gagn\u00e9es pour lui qui aimerait int\u00e9grer le cut pour conserver directement sa carte sur le <strong>DP World Tour<\/strong>, provisoirement fix\u00e9 \u00e0 la 113e place. <strong>Benjamin H\u00e9bert <\/strong>a termin\u00e9 juste derri\u00e8re, en 28e position \u00e0 -10, et figure d&rsquo;ailleurs deux places plus loin que l&rsquo;Azur\u00e9en au g\u00e9n\u00e9ral de la saison, en 127e position. Un groupe compact \u00e0 -9, \u00e0 la 33e place du tournoi, comprend <strong>Romain Langasque<\/strong>, <strong>Cl\u00e9ment Sordet<\/strong>, <strong>Adrien Saddier <\/strong>et <strong>Antoine Rozner<\/strong>. Dernier Fran\u00e7ais \u00e0 avoir jou\u00e9 les deux derniers tours, <strong>Julien Brun <\/strong>s&rsquo;est class\u00e9 63e, dans le par total.<\/p>\n","protected":false},"excerpt":{"rendered":"Les meilleurs Fran\u00e7ais de cette semaine ont d\u00fb se contenter de la 17e place. Ugo Coussaud, qui a&hellip;\n","protected":false},"author":2,"featured_media":358711,"comment_status":"","ping_status":"","sticky":false,"template":"","format":"standard","meta":{"footnotes":""},"categories":[1418],"tags":[1011,27,1472,60],"class_list":{"0":"post-358710","1":"post","2":"type-post","3":"status-publish","4":"format-standard","5":"has-post-thumbnail","7":"category-golf","8":"tag-fr","9":"tag-france","10":"tag-golf","11":"tag-sports"},"share_on_mastodon":{"url":"https:\/\/pubeurope.com\/@fr\/115130031383015292","error":""},"_links":{"self":[{"href":"https:\/\/www.europesays.com\/fr\/wp-json\/wp\/v2\/posts\/358710","targetHints":{"allow":["GET"]}}],"collection":[{"href":"https:\/\/www.europesays.com\/fr\/wp-json\/wp\/v2\/posts"}],"about":[{"href":"https:\/\/www.europesays.com\/fr\/wp-json\/wp\/v2\/types\/post"}],"author":[{"embeddable":true,"href":"https:\/\/www.europesays.com\/fr\/wp-json\/wp\/v2\/users\/2"}],"replies":[{"embeddable":true,"href":"https:\/\/www.europesays.com\/fr\/wp-json\/wp\/v2\/comments?post=358710"}],"version-history":[{"count":0,"href":"https:\/\/www.europesays.com\/fr\/wp-json\/wp\/v2\/posts\/358710\/revisions"}],"wp:featuredmedia":[{"embeddable":true,"href":"https:\/\/www.europesays.com\/fr\/wp-json\/wp\/v2\/media\/358711"}],"wp:attachment":[{"href":"https:\/\/www.europesays.com\/fr\/wp-json\/wp\/v2\/media?parent=358710"}],"wp:term":[{"taxonomy":"category","embeddable":true,"href":"https:\/\/www.europesays.com\/fr\/wp-json\/wp\/v2\/categories?post=358710"},{"taxonomy":"post_tag","embeddable":true,"href":"https:\/\/www.europesays.com\/fr\/wp-json\/wp\/v2\/tags?post=358710"}],"curies":[{"name":"wp","href":"https:\/\/api.w.org\/{rel}","templated":true}]}}