{"id":358716,"date":"2025-09-01T16:42:09","date_gmt":"2025-09-01T16:42:09","guid":{"rendered":"https:\/\/www.europesays.com\/fr\/358716\/"},"modified":"2025-09-01T16:42:09","modified_gmt":"2025-09-01T16:42:09","slug":"us-open-jai-vu-trop-de-conferences-de-presse-de-djokovic-pour-ne-pas-interpreter-ce-regard-observe-jose-moron","status":"publish","type":"post","link":"https:\/\/www.europesays.com\/fr\/358716\/","title":{"rendered":"US Open > \u00ab\u00a0J&rsquo;ai vu trop de conf\u00e9rences de presse de Djokovic pour ne pas interpr\u00e9ter ce regard&#8230;\u00a0\u00bb, observe Jos\u00e9 Moron"},"content":{"rendered":"<p>Le jour\u00adna\u00adliste espa\u00adgnol Jos\u00e9 Moron, suivi par plus de 80 000 personnes sur X, a comment\u00e9 le passage de Novak Djokovic en conf\u00e9\u00adrence de presse <a href=\"https:\/\/www.welovetennis.fr\/us-open\/djokovic-cela-pourrait-etre-le-plus-grand-accomplissement-de-ma-carriere-jen-reve-mais-cest-encore-loin\" data-wpel-link=\"internal\" rel=\"nofollow noopener\" target=\"_blank\">o\u00f9 il \u00e9voque la possi\u00adbi\u00adlit\u00e9 de remporter dimanche \u00e0 l\u2019US Open un 25e titre en Grand Chelem<\/a>. <\/p>\n<blockquote class=\"twitter-tweet\" data-width=\"550\" data-dnt=\"true\">\n<p lang=\"es\" dir=\"ltr\">He visto dema\u00adsiadas ruedas de prensa de Djokovic para no inter\u00adpretar esa mirada.<\/p>\n<p>\u201cSue\u00f1o con ganar otro Grand Slam\u201d.<\/p>\n<p>En su mirada se percibe que sabe que es dif\u00edcil, pero se le sale por los poros el hambre de conse\u00adguirlo.<\/p>\n<p>Si alguien puede, ese es Nole. <a href=\"https:\/\/t.co\/rHRi0AY74Q\" data-wpel-link=\"external\" target=\"_blank\" rel=\"nofollow external noopener\">pic.twitter.com\/rHRi0AY74Q<\/a><\/p>\n<p>\u2014 Jos\u00e9 Mor\u00f3n (@jmgmoron) <a href=\"https:\/\/twitter.com\/jmgmoron\/status\/1962451662389322025?ref_src=twsrc%5Etfw\" data-wpel-link=\"external\" target=\"_blank\" rel=\"nofollow external noopener\">September 1,\u00a02025<\/a><\/p><\/blockquote>\n<p><strong>\u00ab\u202fJ\u2019ai vu trop de conf\u00e9\u00adrences de presse de Djokovic pour ne pas inter\u00adpr\u00e9ter ce regard. \u2018Je r\u00eave de remporter un autre Grand Chelem\u2019. Son regard trahit qu\u2019il sait que ce sera diffi\u00adcile, mais son d\u00e9sir d\u2019y parvenir trans\u00adpa\u00adra\u00eet dans chaque pore de sa peau. Si quel\u00adqu\u2019un peut y arriver, c\u2019est bien Nole\u202f\u00bb<\/strong>, a r\u00e9agi le r\u00e9dac\u00adteur en chef de Punto de\u00a0Break.\u00a0<\/p>\n<p class=\"post-published-date\" style=\"color: silver; font-size: 75%; text-align: left;\">Publi\u00e9 le lundi 1 septembre 2025 \u00e0 17:22<\/p>\n<p><script async src=\"https:\/\/platform.twitter.com\/widgets.js\" charset=\"utf-8\"><\/script><\/p>\n","protected":false},"excerpt":{"rendered":"Le jour\u00adna\u00adliste espa\u00adgnol Jos\u00e9 Moron, suivi par plus de 80 000 personnes sur X, a comment\u00e9 le passage&hellip;\n","protected":false},"author":2,"featured_media":358717,"comment_status":"","ping_status":"","sticky":false,"template":"","format":"standard","meta":{"footnotes":""},"categories":[1415],"tags":[105,1011,27,60,1467],"class_list":{"0":"post-358716","1":"post","2":"type-post","3":"status-publish","4":"format-standard","5":"has-post-thumbnail","7":"category-tennis","8":"tag-djokovic","9":"tag-fr","10":"tag-france","11":"tag-sports","12":"tag-tennis"},"share_on_mastodon":{"url":"https:\/\/pubeurope.com\/@fr\/115130043151958184","error":""},"_links":{"self":[{"href":"https:\/\/www.europesays.com\/fr\/wp-json\/wp\/v2\/posts\/358716","targetHints":{"allow":["GET"]}}],"collection":[{"href":"https:\/\/www.europesays.com\/fr\/wp-json\/wp\/v2\/posts"}],"about":[{"href":"https:\/\/www.europesays.com\/fr\/wp-json\/wp\/v2\/types\/post"}],"author":[{"embeddable":true,"href":"https:\/\/www.europesays.com\/fr\/wp-json\/wp\/v2\/users\/2"}],"replies":[{"embeddable":true,"href":"https:\/\/www.europesays.com\/fr\/wp-json\/wp\/v2\/comments?post=358716"}],"version-history":[{"count":0,"href":"https:\/\/www.europesays.com\/fr\/wp-json\/wp\/v2\/posts\/358716\/revisions"}],"wp:featuredmedia":[{"embeddable":true,"href":"https:\/\/www.europesays.com\/fr\/wp-json\/wp\/v2\/media\/358717"}],"wp:attachment":[{"href":"https:\/\/www.europesays.com\/fr\/wp-json\/wp\/v2\/media?parent=358716"}],"wp:term":[{"taxonomy":"category","embeddable":true,"href":"https:\/\/www.europesays.com\/fr\/wp-json\/wp\/v2\/categories?post=358716"},{"taxonomy":"post_tag","embeddable":true,"href":"https:\/\/www.europesays.com\/fr\/wp-json\/wp\/v2\/tags?post=358716"}],"curies":[{"name":"wp","href":"https:\/\/api.w.org\/{rel}","templated":true}]}}