{"id":358724,"date":"2025-09-01T16:47:14","date_gmt":"2025-09-01T16:47:14","guid":{"rendered":"https:\/\/www.europesays.com\/fr\/358724\/"},"modified":"2025-09-01T16:47:14","modified_gmt":"2025-09-01T16:47:14","slug":"molebe-va-rester-les-recrues-seloignent","status":"publish","type":"post","link":"https:\/\/www.europesays.com\/fr\/358724\/","title":{"rendered":"Molebe va rester, les recrues s&rsquo;\u00e9loignent !"},"content":{"rendered":"<p data-start=\"206\" data-end=\"578\">Le jeune attaquant de 17 ans avait donn\u00e9 son feu vert pour un pr\u00eat au FC S\u00e9ville, et plusieurs m\u00e9dias annon\u00e7aient un accord boucl\u00e9. Mais selon <strong data-start=\"456\" data-end=\"463\">RMC<\/strong>, le club rhodanien a rejet\u00e9 l\u2019offre andalouse, qui comportait une option d\u2019achat fix\u00e9e \u00e0 <strong data-start=\"553\" data-end=\"575\">7 millions d\u2019euros<\/strong>.<\/p>\n<p>Le symbole d\u2019un mercato qui s\u2019enlise<\/p>\n<p data-start=\"622\" data-end=\"877\">En parall\u00e8le,<a href=\"https:\/\/www.dailymercato.com\/news\/mercato-ol-une-offre-de-6-meur-pour-un-serial-buteur-kosovar\" rel=\"nofollow noopener\" target=\"_blank\"> l\u2019OL poursuit sa qu\u00eate d\u2019un avant-centre pour compenser le d\u00e9part de <\/a><strong data-start=\"705\" data-end=\"740\"><a href=\"https:\/\/www.dailymercato.com\/news\/mercato-ol-une-offre-de-6-meur-pour-un-serial-buteur-kosovar\" rel=\"nofollow noopener\" target=\"_blank\">Georges Mikautadze <\/a>\u00e0 Villarreal<\/strong>. Pourtant, ce retournement de situation laisse craindre qu\u2019aucune recrue offensive majeure ne d\u00e9barque d\u2019ici la fin du march\u00e9 estival.<\/p>\n<p data-start=\"908\" data-end=\"1163\">\u00c0 deux heures de la cl\u00f4ture du mercato, les supporters lyonnais oscillent entre impatience et scepticisme. Pour certains, le choix de garder Molebe signifie que le club de <strong data-start=\"1080\" data-end=\"1096\">Michele Kang<\/strong> pourrait refermer son mercato sans signer de v\u00e9ritable num\u00e9ro 9.<\/p>\n<p data-start=\"1186\" data-end=\"1438\">Il reste d\u00e9sormais <strong data-start=\"1205\" data-end=\"1220\">120 minutes<\/strong> \u00e0 l\u2019Olympique Lyonnais pour inverser la tendance et frapper un coup offensif. Dans le cas contraire, la p\u00e9pite <strong data-start=\"1332\" data-end=\"1347\">Enzo Molebe<\/strong> devra assumer un r\u00f4le plus important que pr\u00e9vu au sein de l\u2019effectif de <strong data-start=\"1420\" data-end=\"1435\">Paulo Fonseca.<\/strong><\/p>\n<blockquote class=\"twitter-tweet\"><p>&#13;<\/p>\n<p dir=\"ltr\" lang=\"fr\">\ud83d\udea8EXCL L\u2019OL refuse une offre de pr\u00eat avec option d\u2019achat de 7M\u20ac du FC S\u00e9ville pour Enzo Molebe. Les espagnols poussent mais savent que ce sera compliqu\u00e9. <a href=\"https:\/\/t.co\/xdTD46Qjq4\" rel=\"nofollow\">pic.twitter.com\/xdTD46Qjq4<\/a><\/p>\n<p>&#13;<br \/>\n\u2014 Fabrice Hawkins (@FabriceHawkins) <a href=\"https:\/\/twitter.com\/FabriceHawkins\/status\/1962540053256720703?ref_src=twsrc%5Etfw\" rel=\"nofollow noopener\" target=\"_blank\">September 1, 2025<\/a><\/p><\/blockquote>\n<p>Passionn\u00e9 depuis mon enfance par le sport, j&rsquo;ai \u00e9t\u00e9 berc\u00e9 par les exploits de Juninho. Grand fan de l&rsquo;Olympique Lyonnais et de Peter Sagan, je vis au rythme des \u00e9v\u00e9nements sportifs. Dipl\u00f4m\u00e9 d&rsquo;une licence de science politique, je suis revenu \u00e0 ma premi\u00e8re passion en prenant la t\u00eate de la r\u00e9daction de We Sport en juillet 2022, puis plus r\u00e9cemment celle de DailyMercato. Derni\u00e8rement, j&rsquo;ai d\u00e9cid\u00e9 de quitter la grisaille du Pas-de-Calais pour le soleil de l&rsquo;Andalousie.<\/p>\n<p>                            <img decoding=\"async\" class=\"shadow-lg rounded-xl\" width=\"120\" src=\"https:\/\/www.europesays.com\/fr\/wp-content\/uploads\/2025\/05\/nicolas-depres.jpeg\" itemprop=\"image\" alt=\"Photo de Nicolas Depres\"\/><\/p>\n<p>            <script async src=\"https:\/\/platform.twitter.com\/widgets.js\" charset=\"utf-8\"><\/script><\/p>\n","protected":false},"excerpt":{"rendered":"Le jeune attaquant de 17 ans avait donn\u00e9 son feu vert pour un pr\u00eat au FC S\u00e9ville, et&hellip;\n","protected":false},"author":2,"featured_media":358725,"comment_status":"","ping_status":"","sticky":false,"template":"","format":"standard","meta":{"footnotes":""},"categories":[1410],"tags":[63,1011,27,60],"class_list":{"0":"post-358724","1":"post","2":"type-post","3":"status-publish","4":"format-standard","5":"has-post-thumbnail","7":"category-football","8":"tag-football","9":"tag-fr","10":"tag-france","11":"tag-sports"},"share_on_mastodon":{"url":"https:\/\/pubeurope.com\/@fr\/115130063032091960","error":""},"_links":{"self":[{"href":"https:\/\/www.europesays.com\/fr\/wp-json\/wp\/v2\/posts\/358724","targetHints":{"allow":["GET"]}}],"collection":[{"href":"https:\/\/www.europesays.com\/fr\/wp-json\/wp\/v2\/posts"}],"about":[{"href":"https:\/\/www.europesays.com\/fr\/wp-json\/wp\/v2\/types\/post"}],"author":[{"embeddable":true,"href":"https:\/\/www.europesays.com\/fr\/wp-json\/wp\/v2\/users\/2"}],"replies":[{"embeddable":true,"href":"https:\/\/www.europesays.com\/fr\/wp-json\/wp\/v2\/comments?post=358724"}],"version-history":[{"count":0,"href":"https:\/\/www.europesays.com\/fr\/wp-json\/wp\/v2\/posts\/358724\/revisions"}],"wp:featuredmedia":[{"embeddable":true,"href":"https:\/\/www.europesays.com\/fr\/wp-json\/wp\/v2\/media\/358725"}],"wp:attachment":[{"href":"https:\/\/www.europesays.com\/fr\/wp-json\/wp\/v2\/media?parent=358724"}],"wp:term":[{"taxonomy":"category","embeddable":true,"href":"https:\/\/www.europesays.com\/fr\/wp-json\/wp\/v2\/categories?post=358724"},{"taxonomy":"post_tag","embeddable":true,"href":"https:\/\/www.europesays.com\/fr\/wp-json\/wp\/v2\/tags?post=358724"}],"curies":[{"name":"wp","href":"https:\/\/api.w.org\/{rel}","templated":true}]}}