{"id":358726,"date":"2025-09-01T16:48:13","date_gmt":"2025-09-01T16:48:13","guid":{"rendered":"https:\/\/www.europesays.com\/fr\/358726\/"},"modified":"2025-09-01T16:48:13","modified_gmt":"2025-09-01T16:48:13","slug":"cyril-hanouna-commence-tout-beau-tout-neuf-sur-w9-et-recoit-les-encouragements-de-son-ancien-patron","status":"publish","type":"post","link":"https:\/\/www.europesays.com\/fr\/358726\/","title":{"rendered":"Cyril Hanouna commence \u00ab\u00a0Tout beau tout neuf\u00a0\u00bb sur W9\u00a0et re\u00e7oit les encouragements de son ancien patron"},"content":{"rendered":"<p>        <img decoding=\"async\" loading=\"lazy\" src=\"https:\/\/www.europesays.com\/fr\/wp-content\/uploads\/2025\/08\/531548a_upload-1-xzvrisauu1fr-m6-0069163-0001-1.jpg\"  width=\"728\" height=\"410\" alt=\"Cyril Hanouna pr\u00e9sentera sa nouvelle \u00e9mission \u00ab\u00a0Tout beau, tout neuf\u00a0\u00bb sur W9\u00a0\u00e0 partir du 1er septembre.\"\/>  <\/p>\n<p>Jack TRIBECA \/ Bestimage<\/p>\n<p>Cyril Hanouna pr\u00e9sentera sa nouvelle \u00e9mission \u00ab\u00a0Tout beau, tout neuf\u00a0\u00bb sur W9\u00a0\u00e0 partir du 1er septembre.<\/p>\n<p class=\"asset asset-text\">T\u00c9L\u00c9VISION\u00a0&#8211; C\u2019est la rentr\u00e9e, m\u00eame pour Cyril Hanouna. Apr\u00e8s la fin d\u00e9finitive de son \u00e9mission Touche pas \u00e0 mon poste sur l\u2019antenne de C8 et son d\u00e9part pour le groupe M6, l\u2019animateur effectuera <a href=\"https:\/\/www.huffingtonpost.fr\/medias\/article\/cyril-hanouna-sur-w9-ce-qu-on-a-vu-de-la-promo-de-tout-beau-tout-9-nous-a-laisses-baba_251692.html\" target=\"_blank\" rel=\"noopener\">ses grands d\u00e9buts sur W9<\/a>\u00a0ce lundi 1er\u00a0septembre.<\/p>\n<p class=\"asset asset-text\">Et quelques heures avant sa prise de poste aux manettes de <a href=\"https:\/\/www.huffingtonpost.fr\/divertissement\/article\/tout-beau-tout-n9uf-debute-le-1er-septembre-ce-que-l-on-sait-de-la-nouvelle-emission-de-cyril-hanouna-sur-w9-clx1_253500.html\" target=\"_blank\" rel=\"noopener\">sa nouvelle \u00e9mission baptis\u00e9e Tout beau tout neuf<\/a>, <a href=\"https:\/\/www.huffingtonpost.fr\/medias\/article\/pour-repondre-aux-moqueries-de-cyril-hanouna-n-oubliez-pas-les-paroles-lui-rappelle-sa-venue-sur-du-celine-dion_251065.html\" target=\"_blank\" rel=\"noopener\">Cyril Hanouna<\/a> a re\u00e7u un message de la part du patron du groupe Canal+, G\u00e9rald-Brice Viret.<\/p>\n<p class=\"asset asset-text\">Sur X, le dirigeant de <a href=\"https:\/\/www.huffingtonpost.fr\/medias\/article\/stephane-guy-presentateur-phare-de-canal-reintegre-la-chaine-cinq-ans-apres-son-licenciement_253711.html\" target=\"_blank\" rel=\"noopener\">Canal+ France<\/a> s\u2019est montr\u00e9 beau joueur avec la concurrence en souhaitant \u00ab\u00a0bonne chance\u00a0\u00bb \u00e0 l\u2019animateur. \u00ab\u00a0Apr\u00e8s 13 magnifiques saisons de TPMP \u00e0 nos c\u00f4t\u00e9s sur C8, nous souhaitons bonne chance \u00e0 notre ami Cyril et \u00e0 ses chroniqueurs pour cette nouvelle aventure\u00a0\u00bb, a-t-il \u00e9crit dans ce message ponctu\u00e9 de la formule \u2212 tout sauf innocente \u2212 \u00ab\u00a0vive la libert\u00e9 d\u2019expression\u00a0\u00bb.<\/p>\n<p class=\"asset asset-text\">Il faut dire qu\u2019en introduction de son tweet, <a href=\"https:\/\/www.huffingtonpost.fr\/divertissement\/article\/cyril-hanouna-sur-le-depart-a-canal-les-mises-au-point-du-patron-de-la-chaine-sur-les-rumeurs-de-divorce_241120.html\" target=\"_blank\" rel=\"noopener\">G\u00e9rald-Brice Viret<\/a> n\u2019avait pas manqu\u00e9 de <a href=\"https:\/\/www.huffingtonpost.fr\/medias\/article\/de-retour-avec-tpmp-cyril-hanouna-se-moque-de-l-arcom-en-jouant-sur-l-un-de-ses-interdits_246962.html\" target=\"_blank\" rel=\"noopener\">tacler le r\u00e9gulateur de l\u2019audiovisuel<\/a> (Arcom) au sujet de l\u2019avenir un temps incertain de Cyril Hanouna \u00e0 la t\u00e9l\u00e9vision fran\u00e7aise pour la rentr\u00e9e m\u00e9diatique. \u00ab\u00a0Comme nous l\u2019avions pronostiqu\u00e9 \u00e0 l\u2019Arcom, Cyril Hanouna ne manquera pas sa rentr\u00e9e. Il est d\u00e9j\u00e0 de retour \u00e0 l\u2019antenne ce soir avec TBT9\u00a0\u00bb, a-t-il l\u00e2ch\u00e9 avant ses encouragements pour l\u2019ancienne star du groupe du milliardaire Vincent Bollor\u00e9.<\/p>\n<p> La lecture de ce contenu est susceptible d\u2019entra\u00eener un d\u00e9p\u00f4t de cookies de la part de l\u2019op\u00e9rateur tiers qui l\u2019h\u00e9berge. Compte-tenu des choix que vous avez exprim\u00e9s en mati\u00e8re de d\u00e9p\u00f4t de cookies, nous avons bloqu\u00e9 l\u2019affichage de ce contenu. Si vous souhaitez y acc\u00e9der, vous devez accepter la cat\u00e9gorie de cookies \u201cContenus tiers\u201d en cliquant sur le bouton ci-dessous. <\/p>\n<p> Lire la Vid\u00e9o        \u00ab\u00a0Des limites claires \u00e0 ne pas franchir\u00a0\u00bb    <\/p>\n<p class=\"asset asset-text\">C\u2019est \u00e0 l\u2019\u00e9t\u00e9 2024\u00a0que <a href=\"https:\/\/www.huffingtonpost.fr\/medias\/article\/cyril-hanouna-cette-sequence-sur-europe-1-qui-lui-vaut-d-etre-rappele-a-l-ordre-par-l-arcom_250361.html\" target=\"_blank\" rel=\"noopener\">l\u2019Arcom<\/a> avait pris la d\u00e9cision de ne pas r\u00e9attribuer de fr\u00e9quence \u00e0 la cha\u00eene C8, o\u00f9 Cyril Hanouna aura pass\u00e9 le plus d\u2019ann\u00e9es \u00e0 la t\u00eate de TPMP. C8 avait finalement cess\u00e9 d\u2019\u00e9mettre fin f\u00e9vrier\u00a02025, laissant l\u2019animateur faire durer le plaisir un petit mois sur Youtube et via les box internet avant de signer l\u2019arr\u00eat d\u00e9finitif de son \u00e9mission. S\u2019en \u00e9tait suivie une p\u00e9riode de doute concernant les futurs projets de l\u2019animateur. Dont l\u2019avenir allait forc\u00e9ment s\u2019\u00e9crire ailleurs.<\/p>\n<p class=\"asset asset-text\">Finalement, c\u2019est le groupe M6\u00a0qui a fini par recruter Cyril Hanouna, non sans <a href=\"https:\/\/www.huffingtonpost.fr\/medias\/article\/nous-avons-etabli-des-limites-claires-avant-l-arrivee-de-cyril-hanouna-sur-w9-le-president-du-groupe-m6-rassure_250082.html\" target=\"_blank\" rel=\"noopener\" title=\"Nouvelle fen\u00eatre\">quelques ajustements et pr\u00e9cautions pr\u00e9alables<\/a> avant de lui confier une \u00e9mission sur W9. Comme l\u2019expliquait le pr\u00e9sident du directoire du groupe M6\u00a0David Larramendy mi-mai aupr\u00e8s du <a href=\"https:\/\/www.cbnews.fr\/medias\/image-cb-news-numero-mai-2025-92728\" target=\"_blank\" rel=\"noopener\" title=\"Nouvelle fen\u00eatre\">magazine CBNews<\/a>, \u00ab\u00a0des limites claires \u00e0 ne pas franchir\u00a0\u00bb ont \u00e9t\u00e9 \u00e9tablies avec Cyril Hanouna et St\u00e9phane Courbit, le propri\u00e9taire de la soci\u00e9t\u00e9 H2O Productions.<\/p>\n<p class=\"asset asset-text\">Parmi les garde-fous impos\u00e9s\u00a0: \u00ab\u00a0Pas de\u00a0<a href=\"https:\/\/www.huffingtonpost.fr\/medias\/video\/tpmp-cyril-hanouna-affirme-a-l-assemblee-qu-il-y-a-tres-peu-de-fake-news-a-l-antenne-dans-son-emission_231238.html?at_medium=email&amp;at_campaign=newsletters&amp;at_emailtype=retention&amp;at_creation=dailysoir&amp;at_send_date=20240314\" target=\"_blank\" rel=\"noopener\">promotion des fake news<\/a>, pas de discours politis\u00e9 et pas d\u2019<a href=\"https:\/\/www.huffingtonpost.fr\/divertissement\/article\/cyril-hanouna-deteste-plus-michel-cymes-que-karine-le-marchand-apres-les-propos-du-medecin-dans-c-mediatique_246357.html\" target=\"_blank\" rel=\"noopener\">attaques ad hominem<\/a>\u00a0\u00bb. Soit tout l\u2019inverse, ou presque, de ce qui faisait la singularit\u00e9 de\u00a0Touche pas \u00e0 mon poste\u00a0ces derni\u00e8res ann\u00e9es sur le petit \u00e9cran. Premier aper\u00e7u de cette nouvelle mouture \u00ab\u00a0pure divertissement\u00a0\u00bb ce lundi soir, \u00e0 partir de 18\u00a0h\u00a025\u00a0sur le canal 9\u00a0de la TNT.<\/p>\n","protected":false},"excerpt":{"rendered":"Jack TRIBECA \/ Bestimage Cyril Hanouna pr\u00e9sentera sa nouvelle \u00e9mission \u00ab\u00a0Tout beau, tout neuf\u00a0\u00bb sur W9\u00a0\u00e0 partir du&hellip;\n","protected":false},"author":2,"featured_media":314023,"comment_status":"","ping_status":"","sticky":false,"template":"","format":"standard","meta":{"footnotes":""},"categories":[1359],"tags":[1419,1083,58,59,1011,27,973,252,2395],"class_list":{"0":"post-358726","1":"post","2":"type-post","3":"status-publish","4":"format-standard","5":"has-post-thumbnail","7":"category-people","8":"tag-canal-plus","9":"tag-cyril-hanouna","10":"tag-divertissement","11":"tag-entertainment","12":"tag-fr","13":"tag-france","14":"tag-people","15":"tag-television","16":"tag-w9"},"share_on_mastodon":{"url":"https:\/\/pubeurope.com\/@fr\/115130066874835485","error":""},"_links":{"self":[{"href":"https:\/\/www.europesays.com\/fr\/wp-json\/wp\/v2\/posts\/358726","targetHints":{"allow":["GET"]}}],"collection":[{"href":"https:\/\/www.europesays.com\/fr\/wp-json\/wp\/v2\/posts"}],"about":[{"href":"https:\/\/www.europesays.com\/fr\/wp-json\/wp\/v2\/types\/post"}],"author":[{"embeddable":true,"href":"https:\/\/www.europesays.com\/fr\/wp-json\/wp\/v2\/users\/2"}],"replies":[{"embeddable":true,"href":"https:\/\/www.europesays.com\/fr\/wp-json\/wp\/v2\/comments?post=358726"}],"version-history":[{"count":0,"href":"https:\/\/www.europesays.com\/fr\/wp-json\/wp\/v2\/posts\/358726\/revisions"}],"wp:featuredmedia":[{"embeddable":true,"href":"https:\/\/www.europesays.com\/fr\/wp-json\/wp\/v2\/media\/314023"}],"wp:attachment":[{"href":"https:\/\/www.europesays.com\/fr\/wp-json\/wp\/v2\/media?parent=358726"}],"wp:term":[{"taxonomy":"category","embeddable":true,"href":"https:\/\/www.europesays.com\/fr\/wp-json\/wp\/v2\/categories?post=358726"},{"taxonomy":"post_tag","embeddable":true,"href":"https:\/\/www.europesays.com\/fr\/wp-json\/wp\/v2\/tags?post=358726"}],"curies":[{"name":"wp","href":"https:\/\/api.w.org\/{rel}","templated":true}]}}