{"id":358727,"date":"2025-09-01T16:49:14","date_gmt":"2025-09-01T16:49:14","guid":{"rendered":"https:\/\/www.europesays.com\/fr\/358727\/"},"modified":"2025-09-01T16:49:14","modified_gmt":"2025-09-01T16:49:14","slug":"le-musee-dorsay-orphelin-de-son-president-sylvain-amic-fervent-militant-de-la-culture-pour-tous","status":"publish","type":"post","link":"https:\/\/www.europesays.com\/fr\/358727\/","title":{"rendered":"Le Mus\u00e9e d\u2019Orsay orphelin de son pr\u00e9sident Sylvain Amic, fervent militant de la culture pour tous"},"content":{"rendered":"<p>De Sylvain Amic, pr\u00e9sident du Mus\u00e9e d\u2019Orsay, d\u00e9c\u00e9d\u00e9 le 31\u00a0ao\u00fbt d\u2019une crise cardiaque, \u00e0 58\u00a0ans, il nous reste une image qui r\u00e9sume sa personnalit\u00e9 attachante. C\u2019\u00e9tait il y a un an, <a href=\"https:\/\/www.la-croix.com\/culture\/thomas-levy-lasne-le-porte-voix-des-peintres-sur-twitch-et-youtube-20240918\" data-tracking=\"inpage_click\" data-tracking-action=\"suivre un lien dans l&#039;article\" data-tracking-category=\"engagement\" rel=\"nofollow noopener\" target=\"_blank\">lors du \u00ab\u00a0Jour des peintres\u00a0\u00bb<\/a>, o\u00f9 80 artistes \u00e9taient venus exposer chacun un tableau dans son mus\u00e9e et dialoguer avec une foule incroyable d\u2019amateurs, d\u2019\u00e9tudiants. Un succ\u00e8s qui l\u2019avait rendu si heureux qu\u2019il nous avait d\u00e9clar\u00e9 aussit\u00f4t vouloir renouveler l\u2019op\u00e9ration. Le 18\u00a0septembre prochain, le \u00ab\u00a0Jour des \u00e9crivains\u00a0\u00bb rassemblera ainsi, au Mus\u00e9e d\u2019Orsay, 33 auteurs, de Christine Angot \u00e0 Alice Zeniter, pour des lectures publiques\u2026<\/p>\n<p>Cet article est r\u00e9serv\u00e9 aux abonn\u00e9s<\/p>\n<p>\n                    Vous souhaitez lire la suite\u00a0? Abonnez-vous sans engagement \u00e0 notre offre num\u00e9rique\n                <\/p>\n<p>                <a href=\"https:\/\/www.la-croix.com\/abonnement\" class=\"default-paywall__subscribe-button\" data-tracking=\"cta_click\" data-tracking-action=\"voir la page abonnement\" data-tracking-category=\"abonnement\" rel=\"nofollow noopener\" target=\"_blank\">Je m&rsquo;abonne<\/a><\/p>\n","protected":false},"excerpt":{"rendered":"De Sylvain Amic, pr\u00e9sident du Mus\u00e9e d\u2019Orsay, d\u00e9c\u00e9d\u00e9 le 31\u00a0ao\u00fbt d\u2019une crise cardiaque, \u00e0 58\u00a0ans, il nous reste&hellip;\n","protected":false},"author":2,"featured_media":358728,"comment_status":"","ping_status":"","sticky":false,"template":"","format":"standard","meta":{"footnotes":""},"categories":[1358],"tags":[1348,1384,1385,1386,58,59,1011,27],"class_list":{"0":"post-358727","1":"post","2":"type-post","3":"status-publish","4":"format-standard","5":"has-post-thumbnail","7":"category-arts-et-design","8":"tag-arts","9":"tag-arts-and-design","10":"tag-arts-et-design","11":"tag-design","12":"tag-divertissement","13":"tag-entertainment","14":"tag-fr","15":"tag-france"},"share_on_mastodon":{"url":"https:\/\/pubeurope.com\/@fr\/115130070983812454","error":""},"_links":{"self":[{"href":"https:\/\/www.europesays.com\/fr\/wp-json\/wp\/v2\/posts\/358727","targetHints":{"allow":["GET"]}}],"collection":[{"href":"https:\/\/www.europesays.com\/fr\/wp-json\/wp\/v2\/posts"}],"about":[{"href":"https:\/\/www.europesays.com\/fr\/wp-json\/wp\/v2\/types\/post"}],"author":[{"embeddable":true,"href":"https:\/\/www.europesays.com\/fr\/wp-json\/wp\/v2\/users\/2"}],"replies":[{"embeddable":true,"href":"https:\/\/www.europesays.com\/fr\/wp-json\/wp\/v2\/comments?post=358727"}],"version-history":[{"count":0,"href":"https:\/\/www.europesays.com\/fr\/wp-json\/wp\/v2\/posts\/358727\/revisions"}],"wp:featuredmedia":[{"embeddable":true,"href":"https:\/\/www.europesays.com\/fr\/wp-json\/wp\/v2\/media\/358728"}],"wp:attachment":[{"href":"https:\/\/www.europesays.com\/fr\/wp-json\/wp\/v2\/media?parent=358727"}],"wp:term":[{"taxonomy":"category","embeddable":true,"href":"https:\/\/www.europesays.com\/fr\/wp-json\/wp\/v2\/categories?post=358727"},{"taxonomy":"post_tag","embeddable":true,"href":"https:\/\/www.europesays.com\/fr\/wp-json\/wp\/v2\/tags?post=358727"}],"curies":[{"name":"wp","href":"https:\/\/api.w.org\/{rel}","templated":true}]}}