{"id":358731,"date":"2025-09-01T16:51:11","date_gmt":"2025-09-01T16:51:11","guid":{"rendered":"https:\/\/www.europesays.com\/fr\/358731\/"},"modified":"2025-09-01T16:51:11","modified_gmt":"2025-09-01T16:51:11","slug":"hanouna-fait-son-grand-debut-sur-w9","status":"publish","type":"post","link":"https:\/\/www.europesays.com\/fr\/358731\/","title":{"rendered":"Hanouna fait son grand d\u00e9but sur W9"},"content":{"rendered":"<p>De nombreux chroniqueurs pr\u00e9sent\u00e9s<\/p>\n<p>On a assist\u00e9 \u00e0 un d\u00e9fil\u00e9 impressionnant de chroniqueurs sur le tapis rouge, \u00e0 l\u2019ext\u00e9rieur du plateau. Mais juste avant la premi\u00e8re coupure pub (au bout de 13 minutes d\u2019antenne), Cyril Hanouna a bien pr\u00e9cis\u00e9 que tous ne seraient pas autour de la table ce soir. On se retrouve dans quelques minutes pour d\u00e9couvrir qui sera pr\u00e9sent pour cette grande premi\u00e8re.<\/p>\n<p>Cyril Hanouna arrive par les airs et en musique<\/p>\n<p>Grande entr\u00e9e pour Cyril Hanouna\u00a0: il fait son arriv\u00e9e par les airs, le tout en musique, pour lancer cette toute premi\u00e8re de sa nouvelle \u00e9mission\u00a0! \u00ab\u00a0Les ch\u00e9ris merci d\u2019\u00eatre avec nous\u00a0!\u00a0\u00bb a-t-il lanc\u00e9.<\/p>\n<p>Nelson Monfort et Marl\u00e8ne Schiappa sont de la partie !<\/p>\n<p>Pour ce grand retour, l\u2019\u00e9mission d\u00e9marre \u00e0 l\u2019ext\u00e9rieur avec le d\u00e9fil\u00e9 des chroniqueurs. C\u2019est Val\u00e9rie Bena\u00efm qui ouvre la marche sur le tapis rouge, suivie de\u2026 Nelson Monfort et Marl\u00e8ne Schiappa !<\/p>\n<p>Une \u00e9mission attendue sur W9<\/p>\n<p>Le coup d\u2019envoi est donn\u00e9 ! On est parti pour trois heures de direct, et on va suivre ensemble chaque moment fort de ce lancement.<\/p>\n<p>Le grand retour d\u2019Hanouna sur La TNT<\/p>\n<p>Bonsoir tout le monde, et bienvenue dans ce direct. Dans quelques minutes, c\u2019est le retour de Cyril Hanouna sur W9 avec sa nouvelle \u00e9mission Tout beau, tout n9uf. Un retour apr\u00e8s l\u2019arr\u00eat de C8 il y a six mois.<\/p>\n","protected":false},"excerpt":{"rendered":"De nombreux chroniqueurs pr\u00e9sent\u00e9s On a assist\u00e9 \u00e0 un d\u00e9fil\u00e9 impressionnant de chroniqueurs sur le tapis rouge, \u00e0&hellip;\n","protected":false},"author":2,"featured_media":358732,"comment_status":"","ping_status":"","sticky":false,"template":"","format":"standard","meta":{"footnotes":""},"categories":[1356],"tags":[1083,58,4739,59,1011,27,252,49425,1364,2395],"class_list":{"0":"post-358731","1":"post","2":"type-post","3":"status-publish","4":"format-standard","5":"has-post-thumbnail","7":"category-television","8":"tag-cyril-hanouna","9":"tag-divertissement","10":"tag-emission-de-television","11":"tag-entertainment","12":"tag-fr","13":"tag-france","14":"tag-television","15":"tag-tout-beau-tout-n9uf","16":"tag-tv","17":"tag-w9"},"share_on_mastodon":{"url":"https:\/\/pubeurope.com\/@fr\/115130078626671008","error":""},"_links":{"self":[{"href":"https:\/\/www.europesays.com\/fr\/wp-json\/wp\/v2\/posts\/358731","targetHints":{"allow":["GET"]}}],"collection":[{"href":"https:\/\/www.europesays.com\/fr\/wp-json\/wp\/v2\/posts"}],"about":[{"href":"https:\/\/www.europesays.com\/fr\/wp-json\/wp\/v2\/types\/post"}],"author":[{"embeddable":true,"href":"https:\/\/www.europesays.com\/fr\/wp-json\/wp\/v2\/users\/2"}],"replies":[{"embeddable":true,"href":"https:\/\/www.europesays.com\/fr\/wp-json\/wp\/v2\/comments?post=358731"}],"version-history":[{"count":0,"href":"https:\/\/www.europesays.com\/fr\/wp-json\/wp\/v2\/posts\/358731\/revisions"}],"wp:featuredmedia":[{"embeddable":true,"href":"https:\/\/www.europesays.com\/fr\/wp-json\/wp\/v2\/media\/358732"}],"wp:attachment":[{"href":"https:\/\/www.europesays.com\/fr\/wp-json\/wp\/v2\/media?parent=358731"}],"wp:term":[{"taxonomy":"category","embeddable":true,"href":"https:\/\/www.europesays.com\/fr\/wp-json\/wp\/v2\/categories?post=358731"},{"taxonomy":"post_tag","embeddable":true,"href":"https:\/\/www.europesays.com\/fr\/wp-json\/wp\/v2\/tags?post=358731"}],"curies":[{"name":"wp","href":"https:\/\/api.w.org\/{rel}","templated":true}]}}