{"id":358753,"date":"2025-09-01T17:03:17","date_gmt":"2025-09-01T17:03:17","guid":{"rendered":"https:\/\/www.europesays.com\/fr\/358753\/"},"modified":"2025-09-01T17:03:17","modified_gmt":"2025-09-01T17:03:17","slug":"ces-petits-font-leur-rentree-des-deux-ans","status":"publish","type":"post","link":"https:\/\/www.europesays.com\/fr\/358753\/","title":{"rendered":"ces petits font leur rentr\u00e9e d\u00e8s deux ans"},"content":{"rendered":"<p>Il y a ceux qui sont contents de retrouver leurs copains, ceux qui tiennent tr\u00e8s fort la main de leurs parents et ceux qui n\u2019ont pas du tout envie de les quitter. Ce lundi, 16\u00a0000 \u00e9coliers St\u00e9phanois ont fait leur rentr\u00e9e. Et parmi eux, certains sont \u00e0 peine plus hauts que trois pommes.<\/p>\n<p>\u00ab\u00a0S\u2019adapter progressivement \u00e0 l\u2019\u00e9cole\u00a0\u00bb<\/p>\n<p>Cette ann\u00e9e, deux classes de toute petite section (TPS) ont \u00e9t\u00e9 cr\u00e9\u00e9es \u00e0 Saint-\u00c9tienne, dans les \u00e9coles de Solaure et du Soleil, et accueillent des bambins d\u00e8s l\u2019\u00e2ge de deux ans, sans condition de propret\u00e9. <a href=\"https:\/\/www.leprogres.fr\/education\/2024\/09\/12\/les-enfants-de-toutes-petites-sections-ont-fait-leur-rentree-a-l-ecole-maria-callas\" target=\"_blank\" rel=\"nofollow noopener\">Il en existait d\u00e9j\u00e0 trois \u00e0 Montreynaud, dans les \u00e9coles Maria-Callas, Vivaldi et Saint-Sa\u00ebns<\/a>.<\/p>\n<p>\u00ab\u00a0L\u2019an dernier, nous avions 17 enfants de moins de trois ans, mais ils \u00e9taient inclus dans une classe classique. Cette ann\u00e9e, avec 20 inscriptions, nous avons pu mettre en place un dispositif sp\u00e9cifique avec l\u2019inspection acad\u00e9mique\u00a0\u00bb, r\u00e9capitule Nathalie Thivel, directrice de la maternelle du Soleil, en REP +\u00a0(R\u00e9seau d\u2019\u00e9ducation prioritaire). \u00ab\u00a0Nous avons une forte&#8230;<\/p>\n","protected":false},"excerpt":{"rendered":"Il y a ceux qui sont contents de retrouver leurs copains, ceux qui tiennent tr\u00e8s fort la main&hellip;\n","protected":false},"author":2,"featured_media":358754,"comment_status":"","ping_status":"","sticky":false,"template":"","format":"standard","meta":{"footnotes":""},"categories":[9653],"tags":[1111,11,2430,7539,1057,1777,674,1011,27,10425,12,25,4001,7538],"class_list":{"0":"post-358753","1":"post","2":"type-post","3":"status-publish","4":"format-standard","5":"has-post-thumbnail","7":"category-saint-etienne","8":"tag-actu","9":"tag-actualites","10":"tag-auvergne-rhone-alpes","11":"tag-edition-loire-sud","12":"tag-education","13":"tag-eu","14":"tag-europe","15":"tag-fr","16":"tag-france","17":"tag-maternelle-elementaire","18":"tag-news","19":"tag-republique-francaise","20":"tag-saint-etienne","21":"tag-saint-etienne-ville"},"share_on_mastodon":{"url":"https:\/\/pubeurope.com\/@fr\/115130125833462800","error":""},"_links":{"self":[{"href":"https:\/\/www.europesays.com\/fr\/wp-json\/wp\/v2\/posts\/358753","targetHints":{"allow":["GET"]}}],"collection":[{"href":"https:\/\/www.europesays.com\/fr\/wp-json\/wp\/v2\/posts"}],"about":[{"href":"https:\/\/www.europesays.com\/fr\/wp-json\/wp\/v2\/types\/post"}],"author":[{"embeddable":true,"href":"https:\/\/www.europesays.com\/fr\/wp-json\/wp\/v2\/users\/2"}],"replies":[{"embeddable":true,"href":"https:\/\/www.europesays.com\/fr\/wp-json\/wp\/v2\/comments?post=358753"}],"version-history":[{"count":0,"href":"https:\/\/www.europesays.com\/fr\/wp-json\/wp\/v2\/posts\/358753\/revisions"}],"wp:featuredmedia":[{"embeddable":true,"href":"https:\/\/www.europesays.com\/fr\/wp-json\/wp\/v2\/media\/358754"}],"wp:attachment":[{"href":"https:\/\/www.europesays.com\/fr\/wp-json\/wp\/v2\/media?parent=358753"}],"wp:term":[{"taxonomy":"category","embeddable":true,"href":"https:\/\/www.europesays.com\/fr\/wp-json\/wp\/v2\/categories?post=358753"},{"taxonomy":"post_tag","embeddable":true,"href":"https:\/\/www.europesays.com\/fr\/wp-json\/wp\/v2\/tags?post=358753"}],"curies":[{"name":"wp","href":"https:\/\/api.w.org\/{rel}","templated":true}]}}