{"id":358755,"date":"2025-09-01T17:04:12","date_gmt":"2025-09-01T17:04:12","guid":{"rendered":"https:\/\/www.europesays.com\/fr\/358755\/"},"modified":"2025-09-01T17:04:12","modified_gmt":"2025-09-01T17:04:12","slug":"la-chapelle-notre-dame-de-lesperance-choisie","status":"publish","type":"post","link":"https:\/\/www.europesays.com\/fr\/358755\/","title":{"rendered":"la chapelle Notre-Dame de l\u2019Esp\u00e9rance choisie"},"content":{"rendered":"<p>La Mission Patrimoine pour la sauvegarde du patrimoine en p\u00e9ril port\u00e9e par <a href=\"https:\/\/www.estrepublicain.fr\/p\/stephane-bern\" target=\"_blank\" rel=\"noopener\">St\u00e9phane Bern<\/a>, d\u00e9ploy\u00e9e par la Fondation du patrimoine vient de d\u00e9voiler les 102 sites d\u00e9partementaux de m\u00e9tropole et d\u2019outre-mer, qui b\u00e9n\u00e9ficieront du soutien financier de la huiti\u00e8me \u00e9dition de l\u2019offre de jeux Mission Patrimoine.<\/p>\n<p>En Meurthe-et-Moselle, un site a retenu l\u2019attention de la Mission Patrimoine, en l\u2019occurrence la chapelle Notre-Dame de l\u2019Esp\u00e9rance, situ\u00e9e sur le site du CHRU de Nancy-Brabois. <\/p>\n<p><a href=\"https:\/\/www.estrepublicain.fr\/edition-de-nancy-ville\/2019\/10\/25\/nancy-une-souscription-pour-sauver-la-chapelle-du-chru\" target=\"_blank\" rel=\"noopener\">Construite en 1972-1973 par l\u2019architecte No\u00ebl Lemaresquier,<\/a> dit Le Maresquier, (1903-1982), en m\u00eame temps que le nouvel h\u00f4pital, l\u2019\u00e9difice souffre aujourd\u2019hui d\u2019un d\u00e9faut d\u2019\u00e9tanch\u00e9it\u00e9 de la toiture, qui provoque des infiltrations, en particulier au niveau de l\u2019autel. <\/p>\n<p>  La derni\u00e8re chapelle du genre<\/p>\n<p>Outre la r\u00e9fection compl\u00e8te du rev\u00eatement, une remise en \u00e9tat de la charpente en bois lamell\u00e9-coll\u00e9 est \u00e9galement n\u00e9cessaire. <\/p>\n<p>Derni\u00e8re chapelle \u00e9difi\u00e9e dans un ensemble hospitalier de grande taille en France, la chapelle Notre-Dame de l\u2019Esp\u00e9rance, est repr\u00e9sentative d\u2019une \u00e9poque de l\u2019architecture religieuse hospitali\u00e8re du XXe \u00a0si\u00e8cle aujourd\u2019hui r\u00e9volue. <\/p>\n<p>Hormis les dons, le financement de la restauration sera \u00e9galement assur\u00e9 par le jeu de hasard Mission patrimoine, qui se pr\u00e9sente sous forme de cartes \u00e0 gratter, disponibles dans les 29\u00a0000 points de vente de la FDJ.<\/p>\n","protected":false},"excerpt":{"rendered":"La Mission Patrimoine pour la sauvegarde du patrimoine en p\u00e9ril port\u00e9e par St\u00e9phane Bern, d\u00e9ploy\u00e9e par la Fondation&hellip;\n","protected":false},"author":2,"featured_media":358756,"comment_status":"","ping_status":"","sticky":false,"template":"","format":"standard","meta":{"footnotes":""},"categories":[9635],"tags":[1111,11,1687,1707,1704,1706,1705,1777,674,1011,27,775,6364,1702,12,2661,25,5711],"class_list":{"0":"post-358755","1":"post","2":"type-post","3":"status-publish","4":"format-standard","5":"has-post-thumbnail","7":"category-nancy","8":"tag-actu","9":"tag-actualites","10":"tag-culture-loisirs","11":"tag-edition-luneville","12":"tag-edition-nancy-et-agglomeration","13":"tag-edition-pont-a-mousson","14":"tag-edition-toul","15":"tag-eu","16":"tag-europe","17":"tag-fr","18":"tag-france","19":"tag-grand-est","20":"tag-metropole-du-grand-nancy-54b1","21":"tag-nancy","22":"tag-news","23":"tag-patrimoine-culturel","24":"tag-republique-francaise","25":"tag-vandoeuvre-les-nancy"},"share_on_mastodon":{"url":"https:\/\/pubeurope.com\/@fr\/115130129724214875","error":""},"_links":{"self":[{"href":"https:\/\/www.europesays.com\/fr\/wp-json\/wp\/v2\/posts\/358755","targetHints":{"allow":["GET"]}}],"collection":[{"href":"https:\/\/www.europesays.com\/fr\/wp-json\/wp\/v2\/posts"}],"about":[{"href":"https:\/\/www.europesays.com\/fr\/wp-json\/wp\/v2\/types\/post"}],"author":[{"embeddable":true,"href":"https:\/\/www.europesays.com\/fr\/wp-json\/wp\/v2\/users\/2"}],"replies":[{"embeddable":true,"href":"https:\/\/www.europesays.com\/fr\/wp-json\/wp\/v2\/comments?post=358755"}],"version-history":[{"count":0,"href":"https:\/\/www.europesays.com\/fr\/wp-json\/wp\/v2\/posts\/358755\/revisions"}],"wp:featuredmedia":[{"embeddable":true,"href":"https:\/\/www.europesays.com\/fr\/wp-json\/wp\/v2\/media\/358756"}],"wp:attachment":[{"href":"https:\/\/www.europesays.com\/fr\/wp-json\/wp\/v2\/media?parent=358755"}],"wp:term":[{"taxonomy":"category","embeddable":true,"href":"https:\/\/www.europesays.com\/fr\/wp-json\/wp\/v2\/categories?post=358755"},{"taxonomy":"post_tag","embeddable":true,"href":"https:\/\/www.europesays.com\/fr\/wp-json\/wp\/v2\/tags?post=358755"}],"curies":[{"name":"wp","href":"https:\/\/api.w.org\/{rel}","templated":true}]}}